{"id":5380,"date":"2022-03-31T19:50:27","date_gmt":"2022-03-31T17:50:27","guid":{"rendered":"https:\/\/agora.xtec.cat\/ceip-jrj\/?p=5380"},"modified":"2022-04-19T09:16:13","modified_gmt":"2022-04-19T07:16:13","slug":"3ra-tanda-de-teatre-escolar","status":"publish","type":"post","link":"https:\/\/agora.xtec.cat\/ceip-jrj\/general\/3ra-tanda-de-teatre-escolar\/","title":{"rendered":"3a Tanda de Teatre Escolar"},"content":{"rendered":"<p><a href=\"https:\/\/agora.xtec.cat\/ceip-jrj\/wp-content\/uploads\/usu280\/2022\/03\/1648727038173.jpg\"><img loading=\"lazy\" decoding=\"async\" class=\"wp-image-5382 alignleft\" src=\"https:\/\/agora.xtec.cat\/ceip-jrj\/wp-content\/uploads\/usu280\/2022\/03\/1648727038173-1024x1024.jpg\" alt=\"\" width=\"255\" height=\"255\" srcset=\"https:\/\/agora.xtec.cat\/ceip-jrj\/wp-content\/uploads\/usu280\/2022\/03\/1648727038173-1024x1024.jpg 1024w, https:\/\/agora.xtec.cat\/ceip-jrj\/wp-content\/uploads\/usu280\/2022\/03\/1648727038173-300x300.jpg 300w, https:\/\/agora.xtec.cat\/ceip-jrj\/wp-content\/uploads\/usu280\/2022\/03\/1648727038173-150x150.jpg 150w, https:\/\/agora.xtec.cat\/ceip-jrj\/wp-content\/uploads\/usu280\/2022\/03\/1648727038173-768x769.jpg 768w, https:\/\/agora.xtec.cat\/ceip-jrj\/wp-content\/uploads\/usu280\/2022\/03\/1648727038173-1536x1536.jpg 1536w, https:\/\/agora.xtec.cat\/ceip-jrj\/wp-content\/uploads\/usu280\/2022\/03\/1648727038173.jpg 2046w\" sizes=\"auto, (max-width: 255px) 100vw, 255px\" \/><\/a><\/p>\n<p>Dijous 31 de mar\u00e7 els nens i les nenes de Cicle Inicial i Cicle Mitj\u00e0 de l&#8217;escola van poder gaudir de la darrera obra que es presenta enguany a la Campanya de Teatre Escolar del nostre municipi.<\/p>\n<p>La companyia Festuc Teatre ens ha presentat una adaptaci\u00f3 del conegut conte d&#8217;en Jack i la Mongetera m\u00e0gica. Un espectacle de titelles que ens va deixar bocabadats i amb ganes de m\u00e9s. Fant\u00e0stica presentaci\u00f3!<\/p>\n<h4 style=\"text-align: center;\"><a href=\"https:\/\/photos.app.goo.gl\/LSo7GAgAVHdEx7Vq6\">Galeria Fotogr\u00e0fica<\/a><\/h4>\n","protected":false},"excerpt":{"rendered":"<p>La Lina i la seva fam\u00edlia es veuran obligats a marxar de casa a causa de problemes econ\u00f2mics. Aquesta crua realitat far\u00e0 que la Lina s&#8217;ompli de valentia per emprendre un viatge a la recerca d&#8217;una mongetera m\u00e0gica que puja fins m\u00e9s enll\u00e0 del cel on viu un ogre i el seu tresor&#8230; els ajudar\u00e0 a no perdre la llar?&hellip;  <a href=\"https:\/\/agora.xtec.cat\/ceip-jrj\/general\/3ra-tanda-de-teatre-escolar\/\" title=\"Read 3a Tanda de Teatre Escolar\">Llegeix m\u00e9s\u00bb<\/a><\/p>\n","protected":false},"author":9,"featured_media":5381,"comment_status":"closed","ping_status":"closed","sticky":false,"template":"","format":"standard","meta":{"_bbp_topic_count":0,"_bbp_reply_count":0,"_bbp_total_topic_count":0,"_bbp_total_reply_count":0,"_bbp_voice_count":0,"_bbp_anonymous_reply_count":0,"_bbp_topic_count_hidden":0,"_bbp_reply_count_hidden":0,"_bbp_forum_subforum_count":0,"footnotes":""},"categories":[10,11,12,13,1,4,5],"tags":[],"class_list":["post-5380","post","type-post","status-publish","format-standard","has-post-thumbnail","hentry","category-1r","category-2n","category-3r","category-4t","category-general","category-portada","category-primaria"],"post_mailing_queue_ids":[],"_links":{"self":[{"href":"https:\/\/agora.xtec.cat\/ceip-jrj\/wp-json\/wp\/v2\/posts\/5380","targetHints":{"allow":["GET"]}}],"collection":[{"href":"https:\/\/agora.xtec.cat\/ceip-jrj\/wp-json\/wp\/v2\/posts"}],"about":[{"href":"https:\/\/agora.xtec.cat\/ceip-jrj\/wp-json\/wp\/v2\/types\/post"}],"author":[{"embeddable":true,"href":"https:\/\/agora.xtec.cat\/ceip-jrj\/wp-json\/wp\/v2\/users\/9"}],"replies":[{"embeddable":true,"href":"https:\/\/agora.xtec.cat\/ceip-jrj\/wp-json\/wp\/v2\/comments?post=5380"}],"version-history":[{"count":2,"href":"https:\/\/agora.xtec.cat\/ceip-jrj\/wp-json\/wp\/v2\/posts\/5380\/revisions"}],"predecessor-version":[{"id":5420,"href":"https:\/\/agora.xtec.cat\/ceip-jrj\/wp-json\/wp\/v2\/posts\/5380\/revisions\/5420"}],"wp:featuredmedia":[{"embeddable":true,"href":"https:\/\/agora.xtec.cat\/ceip-jrj\/wp-json\/wp\/v2\/media\/5381"}],"wp:attachment":[{"href":"https:\/\/agora.xtec.cat\/ceip-jrj\/wp-json\/wp\/v2\/media?parent=5380"}],"wp:term":[{"taxonomy":"category","embeddable":true,"href":"https:\/\/agora.xtec.cat\/ceip-jrj\/wp-json\/wp\/v2\/categories?post=5380"},{"taxonomy":"post_tag","embeddable":true,"href":"https:\/\/agora.xtec.cat\/ceip-jrj\/wp-json\/wp\/v2\/tags?post=5380"}],"curies":[{"name":"wp","href":"https:\/\/api.w.org\/{rel}","templated":true}]}}