{"id":5323,"date":"2022-03-20T21:39:22","date_gmt":"2022-03-20T20:39:22","guid":{"rendered":"https:\/\/agora.xtec.cat\/ceip-jrj\/?p=5323"},"modified":"2022-04-12T20:10:59","modified_gmt":"2022-04-12T18:10:59","slug":"passejada-a-sant-genis","status":"publish","type":"post","link":"https:\/\/agora.xtec.cat\/ceip-jrj\/general\/passejada-a-sant-genis\/","title":{"rendered":"Reprenem la campanya de donaci\u00f3 de sang!"},"content":{"rendered":"<p>&nbsp;<\/p>\n<p><a href=\"https:\/\/agora.xtec.cat\/ceip-jrj\/general\/passejada-a-sant-genis\/attachment\/cartell-escola-juan-ramon-jimenez\/\" rel=\"attachment wp-att-5373\"><img loading=\"lazy\" decoding=\"async\" class=\"alignnone size-large wp-image-5373\" src=\"https:\/\/agora.xtec.cat\/ceip-jrj\/wp-content\/uploads\/usu280\/2022\/03\/CARTELL-ESCOLA-JUAN-RAMON-JIMENEZ-724x1024.jpg\" alt=\"\" width=\"724\" height=\"1024\" srcset=\"https:\/\/agora.xtec.cat\/ceip-jrj\/wp-content\/uploads\/usu280\/2022\/03\/CARTELL-ESCOLA-JUAN-RAMON-JIMENEZ-724x1024.jpg 724w, https:\/\/agora.xtec.cat\/ceip-jrj\/wp-content\/uploads\/usu280\/2022\/03\/CARTELL-ESCOLA-JUAN-RAMON-JIMENEZ-212x300.jpg 212w, https:\/\/agora.xtec.cat\/ceip-jrj\/wp-content\/uploads\/usu280\/2022\/03\/CARTELL-ESCOLA-JUAN-RAMON-JIMENEZ-768x1086.jpg 768w, https:\/\/agora.xtec.cat\/ceip-jrj\/wp-content\/uploads\/usu280\/2022\/03\/CARTELL-ESCOLA-JUAN-RAMON-JIMENEZ.jpg 842w\" sizes=\"auto, (max-width: 724px) 100vw, 724px\" \/><\/a><\/p>\n<p>Despr\u00e9s de la pand\u00e8mia i les seves restriccions, hem pogut reprendre la donaci\u00f3 de sang a la nostra escola.<br \/>\n<strong>Ser\u00e0 el proper dimecres 6 d&#8217;abril al gimn\u00e0s del centre, de 9 a 13h i de 15 a 19h.<\/strong><br \/>\nUn any m\u00e9s, l&#8217;alumnat de cinqu\u00e8 \u00e9s el protagonista de l&#8217;organitzaci\u00f3 i han treballat de valen pel seu \u00e8xit. PARTICIPEU!!<br \/>\nPodeu venir a l&#8217;escola en l&#8217;horari establert per\u00f2 \u00e9s molt recomanable que agafeu cita pr\u00e8via en el seg\u00fcent enlla\u00e7:<\/p>\n<p><a href=\"https:\/\/donarsang.gencat.cat\/ca\/vull-donar\/cita\/recollida\/poblacio\/9364\/martorell\/06-04-2022\/\">https:\/\/donarsang.gencat.cat\/ca\/vull-donar\/cita\/recollida\/poblacio\/9364\/martorell\/06-04-2022\/<\/a><\/p>\n","protected":false},"excerpt":{"rendered":"<p>Reprenem la donaci\u00f3 de sang despr\u00e9s de la pand\u00e8mia.<br \/>\nSer\u00e0 el proper dimecres 6 d&#8217;abril.&hellip;  <a href=\"https:\/\/agora.xtec.cat\/ceip-jrj\/general\/passejada-a-sant-genis\/\" title=\"Read Reprenem la campanya de donaci\u00f3 de sang!\">Llegeix m\u00e9s\u00bb<\/a><\/p>\n","protected":false},"author":1,"featured_media":5373,"comment_status":"closed","ping_status":"closed","sticky":false,"template":"","format":"standard","meta":{"_bbp_topic_count":0,"_bbp_reply_count":0,"_bbp_total_topic_count":0,"_bbp_total_reply_count":0,"_bbp_voice_count":0,"_bbp_anonymous_reply_count":0,"_bbp_topic_count_hidden":0,"_bbp_reply_count_hidden":0,"_bbp_forum_subforum_count":0,"footnotes":""},"categories":[1,4],"tags":[],"class_list":["post-5323","post","type-post","status-publish","format-standard","has-post-thumbnail","hentry","category-general","category-portada"],"post_mailing_queue_ids":[],"_links":{"self":[{"href":"https:\/\/agora.xtec.cat\/ceip-jrj\/wp-json\/wp\/v2\/posts\/5323","targetHints":{"allow":["GET"]}}],"collection":[{"href":"https:\/\/agora.xtec.cat\/ceip-jrj\/wp-json\/wp\/v2\/posts"}],"about":[{"href":"https:\/\/agora.xtec.cat\/ceip-jrj\/wp-json\/wp\/v2\/types\/post"}],"author":[{"embeddable":true,"href":"https:\/\/agora.xtec.cat\/ceip-jrj\/wp-json\/wp\/v2\/users\/1"}],"replies":[{"embeddable":true,"href":"https:\/\/agora.xtec.cat\/ceip-jrj\/wp-json\/wp\/v2\/comments?post=5323"}],"version-history":[{"count":3,"href":"https:\/\/agora.xtec.cat\/ceip-jrj\/wp-json\/wp\/v2\/posts\/5323\/revisions"}],"predecessor-version":[{"id":5375,"href":"https:\/\/agora.xtec.cat\/ceip-jrj\/wp-json\/wp\/v2\/posts\/5323\/revisions\/5375"}],"wp:featuredmedia":[{"embeddable":true,"href":"https:\/\/agora.xtec.cat\/ceip-jrj\/wp-json\/wp\/v2\/media\/5373"}],"wp:attachment":[{"href":"https:\/\/agora.xtec.cat\/ceip-jrj\/wp-json\/wp\/v2\/media?parent=5323"}],"wp:term":[{"taxonomy":"category","embeddable":true,"href":"https:\/\/agora.xtec.cat\/ceip-jrj\/wp-json\/wp\/v2\/categories?post=5323"},{"taxonomy":"post_tag","embeddable":true,"href":"https:\/\/agora.xtec.cat\/ceip-jrj\/wp-json\/wp\/v2\/tags?post=5323"}],"curies":[{"name":"wp","href":"https:\/\/api.w.org\/{rel}","templated":true}]}}