{"id":5293,"date":"2022-03-08T17:22:37","date_gmt":"2022-03-08T16:22:37","guid":{"rendered":"https:\/\/agora.xtec.cat\/ceip-jrj\/?p=5293"},"modified":"2022-03-22T18:27:25","modified_gmt":"2022-03-22T17:27:25","slug":"6e-recalculem-la-barcelona-medieval","status":"publish","type":"post","link":"https:\/\/agora.xtec.cat\/ceip-jrj\/general\/6e-recalculem-la-barcelona-medieval\/","title":{"rendered":"Recalculem la Barcelona medieval"},"content":{"rendered":"<p><span style=\"font-weight: 400;\">L\u2019alumnat de sis\u00e8 hem realitzat una sortida a Barcelona per a posar en pr\u00e0ctica coneixements de l&#8217;\u00e0mbit matem\u00e0tic i coneixement del medi social i cultural.\u00a0<\/span><\/p>\n<p><span style=\"font-weight: 400;\">Hem estat visitant la Catedral del Mar i hem fet una caminada pel ba<\/span><span style=\"font-weight: 400;\">rri de la Ribera per con\u00e8ixer part de la seva hist\u00f2ria recorrent<\/span><span style=\"font-weight: 400;\"> part dels carrers que van formar part de la nostra Barcelona Medieval.<\/span><\/p>\n<p><span style=\"font-weight: 400;\">Hem aplicat els nostres coneixements matem\u00e0tics i n\u2019hem apr\u00e8s de nous, tot traient les matem\u00e0tiques al carrer per utilitzar-les en la vida quotidiana en un context hist\u00f2ric.<\/span><\/p>\n<p><span style=\"font-weight: 400;\">Despr\u00e9s de tot aix\u00f2, hem acabat la jornada dinant al Parc de la Ciutadella.<\/span><\/p>\n<p>Per veure les fotos clica a: <a href=\"https:\/\/photos.app.goo.gl\/sfhCL6Bq1q85mce1A\">GALERIA FOTOGR\u00c0FICA<\/a><\/p>\n","protected":false},"excerpt":{"rendered":"<p>L\u2019alumnat de sis\u00e8 hem realitzat una sortida a Barcelona per a posar en pr\u00e0ctica coneixements de l&#8217;\u00e0mbit matem\u00e0tic i coneixement del medi social i cultural.\u00a0<br \/>\nHem estat visitant la Catedral del Mar i hem fet una caminada pel barri de la Ribera per con\u00e8ixer part de&hellip;  <a href=\"https:\/\/agora.xtec.cat\/ceip-jrj\/general\/6e-recalculem-la-barcelona-medieval\/\" title=\"Read Recalculem la Barcelona medieval\">Llegeix m\u00e9s\u00bb<\/a><\/p>\n","protected":false},"author":14,"featured_media":5295,"comment_status":"closed","ping_status":"closed","sticky":false,"template":"","format":"standard","meta":{"_bbp_topic_count":0,"_bbp_reply_count":0,"_bbp_total_topic_count":0,"_bbp_total_reply_count":0,"_bbp_voice_count":0,"_bbp_anonymous_reply_count":0,"_bbp_topic_count_hidden":0,"_bbp_reply_count_hidden":0,"_bbp_forum_subforum_count":0,"footnotes":""},"categories":[1,4],"tags":[],"class_list":["post-5293","post","type-post","status-publish","format-standard","has-post-thumbnail","hentry","category-general","category-portada"],"post_mailing_queue_ids":[],"_links":{"self":[{"href":"https:\/\/agora.xtec.cat\/ceip-jrj\/wp-json\/wp\/v2\/posts\/5293","targetHints":{"allow":["GET"]}}],"collection":[{"href":"https:\/\/agora.xtec.cat\/ceip-jrj\/wp-json\/wp\/v2\/posts"}],"about":[{"href":"https:\/\/agora.xtec.cat\/ceip-jrj\/wp-json\/wp\/v2\/types\/post"}],"author":[{"embeddable":true,"href":"https:\/\/agora.xtec.cat\/ceip-jrj\/wp-json\/wp\/v2\/users\/14"}],"replies":[{"embeddable":true,"href":"https:\/\/agora.xtec.cat\/ceip-jrj\/wp-json\/wp\/v2\/comments?post=5293"}],"version-history":[{"count":3,"href":"https:\/\/agora.xtec.cat\/ceip-jrj\/wp-json\/wp\/v2\/posts\/5293\/revisions"}],"predecessor-version":[{"id":5335,"href":"https:\/\/agora.xtec.cat\/ceip-jrj\/wp-json\/wp\/v2\/posts\/5293\/revisions\/5335"}],"wp:featuredmedia":[{"embeddable":true,"href":"https:\/\/agora.xtec.cat\/ceip-jrj\/wp-json\/wp\/v2\/media\/5295"}],"wp:attachment":[{"href":"https:\/\/agora.xtec.cat\/ceip-jrj\/wp-json\/wp\/v2\/media?parent=5293"}],"wp:term":[{"taxonomy":"category","embeddable":true,"href":"https:\/\/agora.xtec.cat\/ceip-jrj\/wp-json\/wp\/v2\/categories?post=5293"},{"taxonomy":"post_tag","embeddable":true,"href":"https:\/\/agora.xtec.cat\/ceip-jrj\/wp-json\/wp\/v2\/tags?post=5293"}],"curies":[{"name":"wp","href":"https:\/\/api.w.org\/{rel}","templated":true}]}}