{"id":5257,"date":"2022-03-03T17:18:20","date_gmt":"2022-03-03T16:18:20","guid":{"rendered":"https:\/\/agora.xtec.cat\/ceip-jrj\/?p=5257"},"modified":"2022-03-22T18:27:51","modified_gmt":"2022-03-22T17:27:51","slug":"5e-no-embrutem-el-nostre-mar-cram","status":"publish","type":"post","link":"https:\/\/agora.xtec.cat\/ceip-jrj\/general\/5e-no-embrutem-el-nostre-mar-cram\/","title":{"rendered":"No embrutem el nostre mar (CRAM)"},"content":{"rendered":"<p>L&#8217;alumnat de cinqu\u00e8 hem anat a la Fundaci\u00f3 per a la Conservaci\u00f3 i Recuperaci\u00f3 d&#8217;Animals Marins (CRAM) al Prat de Llobregat. Hem fet una visita guiada i un taller manipulatiu en qu\u00e8 <span style=\"font-weight: 400;\">els nens i nenes han realitzat <\/span><span style=\"font-weight: 400;\">diversos experiments, utilitzant la metodologia cient\u00edfica, amb l&#8217;objectiu de comprendre els diferents tipus de contaminaci\u00f3 marina i per analitzar com afecten a les esp\u00e8cies marines. L&#8217;Ester i la Irene ens han explicat tamb\u00e9 qu\u00e8 fa i com actua el CRAM per ajudar als animals que s\u2019han vist afectats per aquesta contaminaci\u00f3.<\/span><\/p>\n<p>Finalment hem vist unes tortugues que estan en proc\u00e9s de recuperaci\u00f3 abans de tornar a deixar-les lliures al mar.<\/p>\n<p>Com que feia bon dia, tamb\u00e9 hem anat a la platja a remullar-nos els peus i tamb\u00e9 hi hem esmorzat i dinat.<\/p>\n<p>En definitiva ha estat un dia genial!<\/p>\n<p>Podeu veure les fotos a <a href=\"https:\/\/photos.app.goo.gl\/sMghXrLMyA9srXud8\">GALERIA FOTOFR\u00c0FICA<\/a><\/p>\n","protected":false},"excerpt":{"rendered":"<p>L&#8217;alumnat de cinqu\u00e8 hem anat a la Fundaci\u00f3 per a la Conservaci\u00f3 i Recuperaci\u00f3 d&#8217;Animals Marins (CRAM) al Prat de Llobregat. Hem fet una visita guiada i un taller manipulatiu en qu\u00e8 els nens i nenes han realitzat diversos experiments, utilitzant la metodologia cient\u00edfica, amb&hellip;  <a href=\"https:\/\/agora.xtec.cat\/ceip-jrj\/general\/5e-no-embrutem-el-nostre-mar-cram\/\" title=\"Read No embrutem el nostre mar (CRAM)\">Llegeix m\u00e9s\u00bb<\/a><\/p>\n","protected":false},"author":14,"featured_media":5266,"comment_status":"closed","ping_status":"closed","sticky":false,"template":"","format":"standard","meta":{"_bbp_topic_count":0,"_bbp_reply_count":0,"_bbp_total_topic_count":0,"_bbp_total_reply_count":0,"_bbp_voice_count":0,"_bbp_anonymous_reply_count":0,"_bbp_topic_count_hidden":0,"_bbp_reply_count_hidden":0,"_bbp_forum_subforum_count":0,"footnotes":""},"categories":[1,4],"tags":[],"class_list":["post-5257","post","type-post","status-publish","format-standard","has-post-thumbnail","hentry","category-general","category-portada"],"post_mailing_queue_ids":[],"_links":{"self":[{"href":"https:\/\/agora.xtec.cat\/ceip-jrj\/wp-json\/wp\/v2\/posts\/5257","targetHints":{"allow":["GET"]}}],"collection":[{"href":"https:\/\/agora.xtec.cat\/ceip-jrj\/wp-json\/wp\/v2\/posts"}],"about":[{"href":"https:\/\/agora.xtec.cat\/ceip-jrj\/wp-json\/wp\/v2\/types\/post"}],"author":[{"embeddable":true,"href":"https:\/\/agora.xtec.cat\/ceip-jrj\/wp-json\/wp\/v2\/users\/14"}],"replies":[{"embeddable":true,"href":"https:\/\/agora.xtec.cat\/ceip-jrj\/wp-json\/wp\/v2\/comments?post=5257"}],"version-history":[{"count":3,"href":"https:\/\/agora.xtec.cat\/ceip-jrj\/wp-json\/wp\/v2\/posts\/5257\/revisions"}],"predecessor-version":[{"id":5336,"href":"https:\/\/agora.xtec.cat\/ceip-jrj\/wp-json\/wp\/v2\/posts\/5257\/revisions\/5336"}],"wp:featuredmedia":[{"embeddable":true,"href":"https:\/\/agora.xtec.cat\/ceip-jrj\/wp-json\/wp\/v2\/media\/5266"}],"wp:attachment":[{"href":"https:\/\/agora.xtec.cat\/ceip-jrj\/wp-json\/wp\/v2\/media?parent=5257"}],"wp:term":[{"taxonomy":"category","embeddable":true,"href":"https:\/\/agora.xtec.cat\/ceip-jrj\/wp-json\/wp\/v2\/categories?post=5257"},{"taxonomy":"post_tag","embeddable":true,"href":"https:\/\/agora.xtec.cat\/ceip-jrj\/wp-json\/wp\/v2\/tags?post=5257"}],"curies":[{"name":"wp","href":"https:\/\/api.w.org\/{rel}","templated":true}]}}