{"id":5253,"date":"2022-03-01T17:16:52","date_gmt":"2022-03-01T16:16:52","guid":{"rendered":"https:\/\/agora.xtec.cat\/ceip-jrj\/?p=5253"},"modified":"2022-03-22T18:28:10","modified_gmt":"2022-03-22T17:28:10","slug":"5e-i-6e-obra-de-teatre-pols-destrelles","status":"publish","type":"post","link":"https:\/\/agora.xtec.cat\/ceip-jrj\/general\/5e-i-6e-obra-de-teatre-pols-destrelles\/","title":{"rendered":"Obra de teatre \u201cPols d\u2019estrelles\u201d"},"content":{"rendered":"<p><span style=\"font-weight: 400;\">Les classes del cicle superior hem anat a veure l\u2019obra de teatre <b><i>Pols d\u2019estrelles<\/i><\/b>\u00a0representada amb ombres xineses<\/span><b><i>,<\/i><\/b><span style=\"font-weight: 400;\"> de la cia Merc\u00e8 Framis, al centre cultural del nostre municipi.<\/span><\/p>\n<p><span style=\"font-weight: 400;\">Diuen que venim de les estrelles, que som pols d&#8217;estrelles, tamb\u00e9 diuen que triem els nostres pares&#8230;t&#8217;imagines!!! Aquesta \u00e9s la hist\u00f2ria de com la Nawal va decidir n\u00e9ixer.<\/span><\/p>\n<p><span style=\"font-weight: 400;\">Podeu veure les fotos a: <a href=\"https:\/\/photos.app.goo.gl\/XniyxVTRZY1Whg8bA\">GALERIA FOTOGR\u00c0FICA<\/a><\/span><\/p>\n","protected":false},"excerpt":{"rendered":"<p>Les classes del cicle superior hem anat a veure l\u2019obra de teatre Pols d\u2019estrelles\u00a0representada amb ombres xineses, de la cia Merc\u00e8 Framis, al centre cultural del nostre municipi.<br \/>\nDiuen que venim de les estrelles, que som pols d&#8217;estrelles, tamb\u00e9 diuen que triem els nostres pares&#8230;t&#8217;imagines!!! Aquesta&hellip;  <a href=\"https:\/\/agora.xtec.cat\/ceip-jrj\/general\/5e-i-6e-obra-de-teatre-pols-destrelles\/\" title=\"Read Obra de teatre \u201cPols d\u2019estrelles\u201d\">Llegeix m\u00e9s\u00bb<\/a><\/p>\n","protected":false},"author":14,"featured_media":5255,"comment_status":"closed","ping_status":"closed","sticky":false,"template":"","format":"standard","meta":{"_bbp_topic_count":0,"_bbp_reply_count":0,"_bbp_total_topic_count":0,"_bbp_total_reply_count":0,"_bbp_voice_count":0,"_bbp_anonymous_reply_count":0,"_bbp_topic_count_hidden":0,"_bbp_reply_count_hidden":0,"_bbp_forum_subforum_count":0,"footnotes":""},"categories":[1,4],"tags":[],"class_list":["post-5253","post","type-post","status-publish","format-standard","has-post-thumbnail","hentry","category-general","category-portada"],"post_mailing_queue_ids":[],"_links":{"self":[{"href":"https:\/\/agora.xtec.cat\/ceip-jrj\/wp-json\/wp\/v2\/posts\/5253","targetHints":{"allow":["GET"]}}],"collection":[{"href":"https:\/\/agora.xtec.cat\/ceip-jrj\/wp-json\/wp\/v2\/posts"}],"about":[{"href":"https:\/\/agora.xtec.cat\/ceip-jrj\/wp-json\/wp\/v2\/types\/post"}],"author":[{"embeddable":true,"href":"https:\/\/agora.xtec.cat\/ceip-jrj\/wp-json\/wp\/v2\/users\/14"}],"replies":[{"embeddable":true,"href":"https:\/\/agora.xtec.cat\/ceip-jrj\/wp-json\/wp\/v2\/comments?post=5253"}],"version-history":[{"count":2,"href":"https:\/\/agora.xtec.cat\/ceip-jrj\/wp-json\/wp\/v2\/posts\/5253\/revisions"}],"predecessor-version":[{"id":5337,"href":"https:\/\/agora.xtec.cat\/ceip-jrj\/wp-json\/wp\/v2\/posts\/5253\/revisions\/5337"}],"wp:featuredmedia":[{"embeddable":true,"href":"https:\/\/agora.xtec.cat\/ceip-jrj\/wp-json\/wp\/v2\/media\/5255"}],"wp:attachment":[{"href":"https:\/\/agora.xtec.cat\/ceip-jrj\/wp-json\/wp\/v2\/media?parent=5253"}],"wp:term":[{"taxonomy":"category","embeddable":true,"href":"https:\/\/agora.xtec.cat\/ceip-jrj\/wp-json\/wp\/v2\/categories?post=5253"},{"taxonomy":"post_tag","embeddable":true,"href":"https:\/\/agora.xtec.cat\/ceip-jrj\/wp-json\/wp\/v2\/tags?post=5253"}],"curies":[{"name":"wp","href":"https:\/\/api.w.org\/{rel}","templated":true}]}}