{"id":5201,"date":"2022-02-18T23:02:02","date_gmt":"2022-02-18T22:02:02","guid":{"rendered":"https:\/\/agora.xtec.cat\/ceip-jrj\/?p=5201"},"modified":"2022-03-22T18:29:52","modified_gmt":"2022-03-22T17:29:52","slug":"1r-lenrajolada-i-la-maquina-del-temps","status":"publish","type":"post","link":"https:\/\/agora.xtec.cat\/ceip-jrj\/general\/1r-lenrajolada-i-la-maquina-del-temps\/","title":{"rendered":"L&#8217;Enrajolada i la m\u00e0quina del temps"},"content":{"rendered":"<p><a href=\"https:\/\/agora.xtec.cat\/ceip-jrj\/wp-content\/uploads\/usu280\/2022\/02\/article1.png\"><img loading=\"lazy\" decoding=\"async\" class=\"wp-image-5202 alignleft\" src=\"https:\/\/agora.xtec.cat\/ceip-jrj\/wp-content\/uploads\/usu280\/2022\/02\/article1.png\" alt=\"\" width=\"175\" height=\"228\" srcset=\"https:\/\/agora.xtec.cat\/ceip-jrj\/wp-content\/uploads\/usu280\/2022\/02\/article1.png 678w, https:\/\/agora.xtec.cat\/ceip-jrj\/wp-content\/uploads\/usu280\/2022\/02\/article1-230x300.png 230w\" sizes=\"auto, (max-width: 175px) 100vw, 175px\" \/><\/a><\/p>\n<p>El 17 i 18 de febrer els nens i les nenes de 1r nivell van esdevenir en veritables viatgers del temps.<br \/>\nLa seva visita a la casa museu L&#8217;Enrajolada, els va permetre con\u00e8ixer l&#8217;evoluci\u00f3 d&#8217;alguns objectes quotidians, aix\u00ed com disfressar-se i jugar com ho haurien fet els infants del segle XIX.<br \/>\nVa ser una experi\u00e8ncia fant\u00e0stica!<\/p>\n<h3 style=\"text-align: center;\"><a href=\"https:\/\/photos.app.goo.gl\/N2d4e8Uij2hwjDEo8\">GALERIA FOTOGR\u00c0FICA<\/a><\/h3>\n","protected":false},"excerpt":{"rendered":"<p>El 17 i 18 de febrer els nens i les nenes de 1r nivell van esdevenir en veritables viatgers del temps!&hellip;  <a href=\"https:\/\/agora.xtec.cat\/ceip-jrj\/general\/1r-lenrajolada-i-la-maquina-del-temps\/\" title=\"Read L&#8217;Enrajolada i la m\u00e0quina del temps\">Llegeix m\u00e9s\u00bb<\/a><\/p>\n","protected":false},"author":9,"featured_media":5203,"comment_status":"closed","ping_status":"closed","sticky":false,"template":"","format":"standard","meta":{"_bbp_topic_count":0,"_bbp_reply_count":0,"_bbp_total_topic_count":0,"_bbp_total_reply_count":0,"_bbp_voice_count":0,"_bbp_anonymous_reply_count":0,"_bbp_topic_count_hidden":0,"_bbp_reply_count_hidden":0,"_bbp_forum_subforum_count":0,"footnotes":""},"categories":[10,1,4,5],"tags":[],"class_list":["post-5201","post","type-post","status-publish","format-standard","has-post-thumbnail","hentry","category-1r","category-general","category-portada","category-primaria"],"post_mailing_queue_ids":[],"_links":{"self":[{"href":"https:\/\/agora.xtec.cat\/ceip-jrj\/wp-json\/wp\/v2\/posts\/5201","targetHints":{"allow":["GET"]}}],"collection":[{"href":"https:\/\/agora.xtec.cat\/ceip-jrj\/wp-json\/wp\/v2\/posts"}],"about":[{"href":"https:\/\/agora.xtec.cat\/ceip-jrj\/wp-json\/wp\/v2\/types\/post"}],"author":[{"embeddable":true,"href":"https:\/\/agora.xtec.cat\/ceip-jrj\/wp-json\/wp\/v2\/users\/9"}],"replies":[{"embeddable":true,"href":"https:\/\/agora.xtec.cat\/ceip-jrj\/wp-json\/wp\/v2\/comments?post=5201"}],"version-history":[{"count":2,"href":"https:\/\/agora.xtec.cat\/ceip-jrj\/wp-json\/wp\/v2\/posts\/5201\/revisions"}],"predecessor-version":[{"id":5342,"href":"https:\/\/agora.xtec.cat\/ceip-jrj\/wp-json\/wp\/v2\/posts\/5201\/revisions\/5342"}],"wp:featuredmedia":[{"embeddable":true,"href":"https:\/\/agora.xtec.cat\/ceip-jrj\/wp-json\/wp\/v2\/media\/5203"}],"wp:attachment":[{"href":"https:\/\/agora.xtec.cat\/ceip-jrj\/wp-json\/wp\/v2\/media?parent=5201"}],"wp:term":[{"taxonomy":"category","embeddable":true,"href":"https:\/\/agora.xtec.cat\/ceip-jrj\/wp-json\/wp\/v2\/categories?post=5201"},{"taxonomy":"post_tag","embeddable":true,"href":"https:\/\/agora.xtec.cat\/ceip-jrj\/wp-json\/wp\/v2\/tags?post=5201"}],"curies":[{"name":"wp","href":"https:\/\/api.w.org\/{rel}","templated":true}]}}