{"id":5107,"date":"2022-02-01T07:07:32","date_gmt":"2022-02-01T06:07:32","guid":{"rendered":"https:\/\/agora.xtec.cat\/ceip-jrj\/?p=5107"},"modified":"2022-02-01T21:20:50","modified_gmt":"2022-02-01T20:20:50","slug":"kilometres-per-la-solidaritat-i-la-pau","status":"publish","type":"post","link":"https:\/\/agora.xtec.cat\/ceip-jrj\/general\/kilometres-per-la-solidaritat-i-la-pau\/","title":{"rendered":"Quil\u00f2metres per la Solidaritat i la Pau!"},"content":{"rendered":"<p>El dia 30 de gener de cada any, des de 1964 (any de la mort de Mahatma Gandhi), se celebra el Dia Escolar de la No-Viol\u00e8ncia i la Pau. L&#8217;objectiu d&#8217;aquesta diada \u00e9s promoure la cultura de la pau, la no-viol\u00e8ncia i la resoluci\u00f3 dels conflictes mitjan\u00e7ant el di\u00e0leg.<br \/>\nAquest any, els nens i les nenes de l&#8217;escola, hem fet una cursa solid\u00e0ria i recollit diners per ajudar en la lluita contra la desnutrici\u00f3 infantil a trav\u00e9s de l&#8217;ONG internacional Save the Children.<br \/>\nA m\u00e9s a m\u00e9s, hem dut a terme diferents activitats encaminades a promoure les bones accions envers els altres i ens hem apropat a les figures de diferents personalitats que, arreu del m\u00f3n i al llarg dels anys, s&#8217;han preocupat per a promoure la bona conviv\u00e8ncia, el pacifisme i el respecte.<\/p>\n<h3 style=\"text-align: center;\"><a href=\"https:\/\/photos.app.goo.gl\/hiBybMyfbvvWmN6s5\">Galeria fotogr\u00e0fica<\/a><\/h3>\n<h3 style=\"text-align: center;\"><iframe loading=\"lazy\" title=\"YouTube video player\" src=\"\/\/www.youtube.com\/embed\/FTP2qizubYo\" width=\"560\" height=\"315\" frameborder=\"0\" allowfullscreen=\"allowfullscreen\"><\/iframe><\/h3>\n","protected":false},"excerpt":{"rendered":"<p>El dia 30 de gener de cada any, se celebra el Dia Escolar de la No-Viol\u00e8ncia i la Pau. Enguany, els nens i les nenes de l&#8217;escola, hem fet una cursa solid\u00e0ria i recollit diners per ajudar en la lluita contra la desnutrici\u00f3 infantil a trav\u00e9s de l&#8217;ONG internacional Save the Children.&hellip;  <a href=\"https:\/\/agora.xtec.cat\/ceip-jrj\/general\/kilometres-per-la-solidaritat-i-la-pau\/\" title=\"Read Quil\u00f2metres per la Solidaritat i la Pau!\">Llegeix m\u00e9s\u00bb<\/a><\/p>\n","protected":false},"author":9,"featured_media":5108,"comment_status":"closed","ping_status":"closed","sticky":false,"template":"","format":"standard","meta":{"_bbp_topic_count":0,"_bbp_reply_count":0,"_bbp_total_topic_count":0,"_bbp_total_reply_count":0,"_bbp_voice_count":0,"_bbp_anonymous_reply_count":0,"_bbp_topic_count_hidden":0,"_bbp_reply_count_hidden":0,"_bbp_forum_subforum_count":0,"footnotes":""},"categories":[1,2,4,5],"tags":[],"class_list":["post-5107","post","type-post","status-publish","format-standard","has-post-thumbnail","hentry","category-general","category-infantil","category-portada","category-primaria"],"post_mailing_queue_ids":[],"_links":{"self":[{"href":"https:\/\/agora.xtec.cat\/ceip-jrj\/wp-json\/wp\/v2\/posts\/5107","targetHints":{"allow":["GET"]}}],"collection":[{"href":"https:\/\/agora.xtec.cat\/ceip-jrj\/wp-json\/wp\/v2\/posts"}],"about":[{"href":"https:\/\/agora.xtec.cat\/ceip-jrj\/wp-json\/wp\/v2\/types\/post"}],"author":[{"embeddable":true,"href":"https:\/\/agora.xtec.cat\/ceip-jrj\/wp-json\/wp\/v2\/users\/9"}],"replies":[{"embeddable":true,"href":"https:\/\/agora.xtec.cat\/ceip-jrj\/wp-json\/wp\/v2\/comments?post=5107"}],"version-history":[{"count":3,"href":"https:\/\/agora.xtec.cat\/ceip-jrj\/wp-json\/wp\/v2\/posts\/5107\/revisions"}],"predecessor-version":[{"id":5116,"href":"https:\/\/agora.xtec.cat\/ceip-jrj\/wp-json\/wp\/v2\/posts\/5107\/revisions\/5116"}],"wp:featuredmedia":[{"embeddable":true,"href":"https:\/\/agora.xtec.cat\/ceip-jrj\/wp-json\/wp\/v2\/media\/5108"}],"wp:attachment":[{"href":"https:\/\/agora.xtec.cat\/ceip-jrj\/wp-json\/wp\/v2\/media?parent=5107"}],"wp:term":[{"taxonomy":"category","embeddable":true,"href":"https:\/\/agora.xtec.cat\/ceip-jrj\/wp-json\/wp\/v2\/categories?post=5107"},{"taxonomy":"post_tag","embeddable":true,"href":"https:\/\/agora.xtec.cat\/ceip-jrj\/wp-json\/wp\/v2\/tags?post=5107"}],"curies":[{"name":"wp","href":"https:\/\/api.w.org\/{rel}","templated":true}]}}