{"id":5076,"date":"2022-01-28T18:07:16","date_gmt":"2022-01-28T17:07:16","guid":{"rendered":"https:\/\/agora.xtec.cat\/ceip-jrj\/?p=5076"},"modified":"2022-03-22T18:30:35","modified_gmt":"2022-03-22T17:30:35","slug":"5e-i-6e-moviment-artistic-del-pop-art-a-les-classes-de-plastica","status":"publish","type":"post","link":"https:\/\/agora.xtec.cat\/ceip-jrj\/general\/5e-i-6e-moviment-artistic-del-pop-art-a-les-classes-de-plastica\/","title":{"rendered":"Moviment art\u00edstic del POP ART"},"content":{"rendered":"<p><a href=\"https:\/\/agora.xtec.cat\/ceip-jrj\/wp-content\/uploads\/usu280\/2022\/01\/POP-ART.jpg\"><img loading=\"lazy\" decoding=\"async\" class=\"wp-image-5077 alignleft\" src=\"https:\/\/agora.xtec.cat\/ceip-jrj\/wp-content\/uploads\/usu280\/2022\/01\/POP-ART-843x1024.jpg\" alt=\"\" width=\"244\" height=\"296\" \/><\/a><\/p>\n<p><span style=\"font-weight: 400;\">L&#8217;<\/span><b>art pop<\/b><span style=\"font-weight: 400;\"> (de l&#8217;angl\u00e8s <\/span><b>pop art<\/b><span style=\"font-weight: 400;\">) va ser un moviment art\u00edstic sorgit a la fi de la d\u00e8cada dels 1950 <\/span><span style=\"font-weight: 400;\">al\u00a0 Regne Unit <\/span><span style=\"font-weight: 400;\">i els Estats Units<\/span><span style=\"font-weight: 400;\">; les seves caracter\u00edstiques s\u00f3n l&#8217;ocupaci\u00f3 d&#8217;imatges i temes presos del m\u00f3n de la comunicaci\u00f3 de masses aplicats a les arts visuals.<\/span><\/p>\n<p><span style=\"font-weight: 400;\">A les classes de cinqu\u00e8 i sis\u00e8, a l\u2019\u00e0mbit art\u00edstic, donem a con\u00e8ixer les produccions de diferents artistes, tot potenciant l\u2019inter\u00e8s, valoraci\u00f3 i respecte cap a les seves obres i representacions. Aix\u00ed mateix, posem en pr\u00e0ctica algunes t\u00e8cniques, tal com s\u00f3n l\u2019\u00fas dels colors primaris i complementaris, l\u00ednies negres, punts mecanografiats, l\u2019estampaci\u00f3, etc. utilitzats per artistes representatius d\u2019aquest moviment art\u00edstic, com\u00a0 Keith Haring, Andy Warhol i Roy Lichtenstein; i intentem reproduir les seves pr\u00f2pies creacions des de la nostra creativitat i empremta. <a href=\"https:\/\/photos.app.goo.gl\/xrtvcPTmkx7GQbg37\">ARXIU FOTOGR\u00c0FIC<\/a><\/span><\/p>\n","protected":false},"excerpt":{"rendered":"<p>A les classes de pl\u00e0stica del cicle superior, donem a con\u00e8ixer els diferents moviments art\u00edstics mitjan\u00e7ant les produccions de les personalitats m\u00e9s emblem\u00e0tiques que en formen part.&hellip;  <a href=\"https:\/\/agora.xtec.cat\/ceip-jrj\/general\/5e-i-6e-moviment-artistic-del-pop-art-a-les-classes-de-plastica\/\" title=\"Read Moviment art\u00edstic del POP ART\">Llegeix m\u00e9s\u00bb<\/a><\/p>\n","protected":false},"author":14,"featured_media":5077,"comment_status":"closed","ping_status":"closed","sticky":false,"template":"","format":"standard","meta":{"_bbp_topic_count":0,"_bbp_reply_count":0,"_bbp_total_topic_count":0,"_bbp_total_reply_count":0,"_bbp_voice_count":0,"_bbp_anonymous_reply_count":0,"_bbp_topic_count_hidden":0,"_bbp_reply_count_hidden":0,"_bbp_forum_subforum_count":0,"footnotes":""},"categories":[14,15,1,4],"tags":[],"class_list":["post-5076","post","type-post","status-publish","format-standard","has-post-thumbnail","hentry","category-5e","category-6e","category-general","category-portada"],"post_mailing_queue_ids":[],"_links":{"self":[{"href":"https:\/\/agora.xtec.cat\/ceip-jrj\/wp-json\/wp\/v2\/posts\/5076","targetHints":{"allow":["GET"]}}],"collection":[{"href":"https:\/\/agora.xtec.cat\/ceip-jrj\/wp-json\/wp\/v2\/posts"}],"about":[{"href":"https:\/\/agora.xtec.cat\/ceip-jrj\/wp-json\/wp\/v2\/types\/post"}],"author":[{"embeddable":true,"href":"https:\/\/agora.xtec.cat\/ceip-jrj\/wp-json\/wp\/v2\/users\/14"}],"replies":[{"embeddable":true,"href":"https:\/\/agora.xtec.cat\/ceip-jrj\/wp-json\/wp\/v2\/comments?post=5076"}],"version-history":[{"count":4,"href":"https:\/\/agora.xtec.cat\/ceip-jrj\/wp-json\/wp\/v2\/posts\/5076\/revisions"}],"predecessor-version":[{"id":5344,"href":"https:\/\/agora.xtec.cat\/ceip-jrj\/wp-json\/wp\/v2\/posts\/5076\/revisions\/5344"}],"wp:featuredmedia":[{"embeddable":true,"href":"https:\/\/agora.xtec.cat\/ceip-jrj\/wp-json\/wp\/v2\/media\/5077"}],"wp:attachment":[{"href":"https:\/\/agora.xtec.cat\/ceip-jrj\/wp-json\/wp\/v2\/media?parent=5076"}],"wp:term":[{"taxonomy":"category","embeddable":true,"href":"https:\/\/agora.xtec.cat\/ceip-jrj\/wp-json\/wp\/v2\/categories?post=5076"},{"taxonomy":"post_tag","embeddable":true,"href":"https:\/\/agora.xtec.cat\/ceip-jrj\/wp-json\/wp\/v2\/tags?post=5076"}],"curies":[{"name":"wp","href":"https:\/\/api.w.org\/{rel}","templated":true}]}}