{"id":5057,"date":"2022-01-19T20:37:32","date_gmt":"2022-01-19T19:37:32","guid":{"rendered":"https:\/\/agora.xtec.cat\/ceip-jrj\/?p=5057"},"modified":"2022-03-22T18:30:56","modified_gmt":"2022-03-22T17:30:56","slug":"2n-un-viatge-a-la-prehistoria","status":"publish","type":"post","link":"https:\/\/agora.xtec.cat\/ceip-jrj\/general\/2n-un-viatge-a-la-prehistoria\/","title":{"rendered":"Un viatge a la Prehist\u00f2ria."},"content":{"rendered":"<p><a href=\"https:\/\/agora.xtec.cat\/ceip-jrj\/wp-content\/uploads\/usu280\/2022\/01\/article-scaled.jpg\"><img loading=\"lazy\" decoding=\"async\" class=\"wp-image-5058 alignleft\" src=\"https:\/\/agora.xtec.cat\/ceip-jrj\/wp-content\/uploads\/usu280\/2022\/01\/article-1024x805.jpg\" alt=\"\" width=\"234\" height=\"184\" srcset=\"https:\/\/agora.xtec.cat\/ceip-jrj\/wp-content\/uploads\/usu280\/2022\/01\/article-1024x805.jpg 1024w, https:\/\/agora.xtec.cat\/ceip-jrj\/wp-content\/uploads\/usu280\/2022\/01\/article-300x236.jpg 300w, https:\/\/agora.xtec.cat\/ceip-jrj\/wp-content\/uploads\/usu280\/2022\/01\/article-768x604.jpg 768w, https:\/\/agora.xtec.cat\/ceip-jrj\/wp-content\/uploads\/usu280\/2022\/01\/article-1536x1207.jpg 1536w, https:\/\/agora.xtec.cat\/ceip-jrj\/wp-content\/uploads\/usu280\/2022\/01\/article-2048x1610.jpg 2048w\" sizes=\"auto, (max-width: 234px) 100vw, 234px\" \/><\/a><\/p>\n<p>Els nens i les nenes de 2n hem fet un viatge a la Prehist\u00f2ria tot desenvolupant diferents activitats pr\u00f2pies del Paleol\u00edtic (eines de s\u00edlex, os i banya, ca\u00e7a amb arc i fletxes i pintura rupestre sobre la paret d&#8217;una cova) i del Neol\u00edtic (obtenci\u00f3 d&#8217;una pe\u00e7a cer\u00e0mica feta a m\u00e0 i decorada amb petxines).<\/p>\n<p>Hem experimentat de primera m\u00e0 el fet de ser com els primers pobladors humans de la terra!<\/p>\n<h4>\u00a0 \u00a0 \u00a0 \u00a0 \u00a0 \u00a0 \u00a0 \u00a0 \u00a0 \u00a0 \u00a0 \u00a0 \u00a0 \u00a0 \u00a0 \u00a0 \u00a0 \u00a0 \u00a0 \u00a0 \u00a0<a href=\"https:\/\/photos.app.goo.gl\/6QfKHCGrSf4czwyo6\"> \u00a0 \u00a0GALERIA FOTOGR\u00c0FICA<\/a><\/h4>\n","protected":false},"excerpt":{"rendered":"<p>Los primeros pobladores<br \/>\neran muy trabajadores<br \/>\ncon huesos y algunas piedras<br \/>\nfabricaban herramientas,<br \/>\nsus ropas hac\u00edan con piel<br \/>\ny pescaban para comer.<br \/>\nEn cavernas se met\u00edan<br \/>\ncundo mucho fr\u00edo ten\u00edan<br \/>\neran listos desde luego<br \/>\ny con un palo hac\u00edan fuego.<br \/>\nY tambi\u00e9n sab\u00edan pintar<br \/>\nuno que otro animal!&hellip;  <a href=\"https:\/\/agora.xtec.cat\/ceip-jrj\/general\/2n-un-viatge-a-la-prehistoria\/\" title=\"Read Un viatge a la Prehist\u00f2ria.\">Llegeix m\u00e9s\u00bb<\/a><\/p>\n","protected":false},"author":9,"featured_media":5059,"comment_status":"closed","ping_status":"closed","sticky":false,"template":"","format":"standard","meta":{"_bbp_topic_count":0,"_bbp_reply_count":0,"_bbp_total_topic_count":0,"_bbp_total_reply_count":0,"_bbp_voice_count":0,"_bbp_anonymous_reply_count":0,"_bbp_topic_count_hidden":0,"_bbp_reply_count_hidden":0,"_bbp_forum_subforum_count":0,"footnotes":""},"categories":[11,1,4,5],"tags":[],"class_list":["post-5057","post","type-post","status-publish","format-standard","has-post-thumbnail","hentry","category-2n","category-general","category-portada","category-primaria"],"post_mailing_queue_ids":[],"_links":{"self":[{"href":"https:\/\/agora.xtec.cat\/ceip-jrj\/wp-json\/wp\/v2\/posts\/5057","targetHints":{"allow":["GET"]}}],"collection":[{"href":"https:\/\/agora.xtec.cat\/ceip-jrj\/wp-json\/wp\/v2\/posts"}],"about":[{"href":"https:\/\/agora.xtec.cat\/ceip-jrj\/wp-json\/wp\/v2\/types\/post"}],"author":[{"embeddable":true,"href":"https:\/\/agora.xtec.cat\/ceip-jrj\/wp-json\/wp\/v2\/users\/9"}],"replies":[{"embeddable":true,"href":"https:\/\/agora.xtec.cat\/ceip-jrj\/wp-json\/wp\/v2\/comments?post=5057"}],"version-history":[{"count":3,"href":"https:\/\/agora.xtec.cat\/ceip-jrj\/wp-json\/wp\/v2\/posts\/5057\/revisions"}],"predecessor-version":[{"id":5346,"href":"https:\/\/agora.xtec.cat\/ceip-jrj\/wp-json\/wp\/v2\/posts\/5057\/revisions\/5346"}],"wp:featuredmedia":[{"embeddable":true,"href":"https:\/\/agora.xtec.cat\/ceip-jrj\/wp-json\/wp\/v2\/media\/5059"}],"wp:attachment":[{"href":"https:\/\/agora.xtec.cat\/ceip-jrj\/wp-json\/wp\/v2\/media?parent=5057"}],"wp:term":[{"taxonomy":"category","embeddable":true,"href":"https:\/\/agora.xtec.cat\/ceip-jrj\/wp-json\/wp\/v2\/categories?post=5057"},{"taxonomy":"post_tag","embeddable":true,"href":"https:\/\/agora.xtec.cat\/ceip-jrj\/wp-json\/wp\/v2\/tags?post=5057"}],"curies":[{"name":"wp","href":"https:\/\/api.w.org\/{rel}","templated":true}]}}