{"id":5053,"date":"2022-01-19T11:58:24","date_gmt":"2022-01-19T10:58:24","guid":{"rendered":"https:\/\/agora.xtec.cat\/ceip-jrj\/?p=5053"},"modified":"2022-01-20T11:56:20","modified_gmt":"2022-01-20T10:56:20","slug":"3r-visita-el-cda-can-santoi","status":"publish","type":"post","link":"https:\/\/agora.xtec.cat\/ceip-jrj\/general\/3r-visita-el-cda-can-santoi\/","title":{"rendered":"3r visita el CdA Can Santoi"},"content":{"rendered":"<p>El passat 18 de gener l\u2019alumnat de tercer va realitzar l\u2019activitat de meteorologia <a href=\"https:\/\/serveiseducatius.xtec.cat\/cda-cansantoi\/ambits\/meteorologi\/quin-temps-fa\/\" target=\"_blank\" rel=\"noopener noreferrer\">Quin temps fa?\u00a0<\/a>a les instal\u00b7lacions del Camp d\u2019Aprenentatge Can Santoi. L\u2019objectiu d\u2019aquesta proposta era con\u00e8ixer el funcionament dels aparells de meteorologia m\u00e9s b\u00e0sics (term\u00f2metres, anem\u00f2metre, penell, pluvi\u00f2metre) a trav\u00e9s d\u2019una gimcana. Aix\u00ed, experimentar la predicci\u00f3 del temps per al dia seg\u00fcent, a partir del mapa de s\u00edmbols del temps previst, i la realitzaci\u00f3 d\u2019un espai informatiu del temps en circuit tancat de televisi\u00f3.<\/p>\n<p>El Camp d\u2019Aprenentatge Can Santoi ens ha dedicat un article al seu blog de la nostra visita al seu centre:<\/p>\n<blockquote class=\"wp-embedded-content\" data-secret=\"Y8mw9RaeXL\"><p><a href=\"https:\/\/serveiseducatius.xtec.cat\/cda-cansantoi\/general\/uns-dinosaures-molt-espavilats\/\">Uns dinosaures molt espavilats<\/a><\/p><\/blockquote>\n<p><iframe loading=\"lazy\" class=\"wp-embedded-content\" sandbox=\"allow-scripts\" security=\"restricted\" style=\"position: absolute; clip: rect(1px, 1px, 1px, 1px);\" title=\"&#8220;Uns dinosaures molt espavilats&#8221; &#8212; CdA Can Santoi\" src=\"https:\/\/serveiseducatius.xtec.cat\/cda-cansantoi\/general\/uns-dinosaures-molt-espavilats\/embed\/#?secret=XEXwAKqnEi#?secret=Y8mw9RaeXL\" data-secret=\"Y8mw9RaeXL\" width=\"500\" height=\"282\" frameborder=\"0\" marginwidth=\"0\" marginheight=\"0\" scrolling=\"no\"><\/iframe><\/p>\n<p>Voleu veure com va ser la nostra experi\u00e8ncia? Feu clic <a href=\"https:\/\/photos.app.goo.gl\/W6Y1dExUZQLtfLjGA\">aqu\u00ed<\/a><\/p>\n","protected":false},"excerpt":{"rendered":"<p>El passat 18 de gener l\u2019alumnat de tercer va realitzar l\u2019activitat de meteorologia <a href=\"https:\/\/serveiseducatius.xtec.cat\/cda-cansantoi\/ambits\/meteorologi\/quin-temps-fa\/\" target=\"_blank\" rel=\"noopener noreferrer\">Quin temps fa?\u00a0<\/a>a les instal\u00b7lacions del Camp d\u2019Aprenentatge Can Santoi. L\u2019objectiu d\u2019aquesta proposta era con\u00e8ixer el funcionament dels aparells de meteorologia m\u00e9s b\u00e0sics (term\u00f2metres, anem\u00f2metre, penell, pluvi\u00f2metre) a&hellip;  <a href=\"https:\/\/agora.xtec.cat\/ceip-jrj\/general\/3r-visita-el-cda-can-santoi\/\" title=\"Read 3r visita el CdA Can Santoi\">Llegeix m\u00e9s\u00bb<\/a><\/p>\n","protected":false},"author":1,"featured_media":5055,"comment_status":"open","ping_status":"closed","sticky":false,"template":"","format":"standard","meta":{"_bbp_topic_count":0,"_bbp_reply_count":0,"_bbp_total_topic_count":0,"_bbp_total_reply_count":0,"_bbp_voice_count":0,"_bbp_anonymous_reply_count":0,"_bbp_topic_count_hidden":0,"_bbp_reply_count_hidden":0,"_bbp_forum_subforum_count":0,"footnotes":""},"categories":[1,4,5],"tags":[],"class_list":["post-5053","post","type-post","status-publish","format-standard","has-post-thumbnail","hentry","category-general","category-portada","category-primaria"],"post_mailing_queue_ids":[],"_links":{"self":[{"href":"https:\/\/agora.xtec.cat\/ceip-jrj\/wp-json\/wp\/v2\/posts\/5053","targetHints":{"allow":["GET"]}}],"collection":[{"href":"https:\/\/agora.xtec.cat\/ceip-jrj\/wp-json\/wp\/v2\/posts"}],"about":[{"href":"https:\/\/agora.xtec.cat\/ceip-jrj\/wp-json\/wp\/v2\/types\/post"}],"author":[{"embeddable":true,"href":"https:\/\/agora.xtec.cat\/ceip-jrj\/wp-json\/wp\/v2\/users\/1"}],"replies":[{"embeddable":true,"href":"https:\/\/agora.xtec.cat\/ceip-jrj\/wp-json\/wp\/v2\/comments?post=5053"}],"version-history":[{"count":3,"href":"https:\/\/agora.xtec.cat\/ceip-jrj\/wp-json\/wp\/v2\/posts\/5053\/revisions"}],"predecessor-version":[{"id":5064,"href":"https:\/\/agora.xtec.cat\/ceip-jrj\/wp-json\/wp\/v2\/posts\/5053\/revisions\/5064"}],"wp:featuredmedia":[{"embeddable":true,"href":"https:\/\/agora.xtec.cat\/ceip-jrj\/wp-json\/wp\/v2\/media\/5055"}],"wp:attachment":[{"href":"https:\/\/agora.xtec.cat\/ceip-jrj\/wp-json\/wp\/v2\/media?parent=5053"}],"wp:term":[{"taxonomy":"category","embeddable":true,"href":"https:\/\/agora.xtec.cat\/ceip-jrj\/wp-json\/wp\/v2\/categories?post=5053"},{"taxonomy":"post_tag","embeddable":true,"href":"https:\/\/agora.xtec.cat\/ceip-jrj\/wp-json\/wp\/v2\/tags?post=5053"}],"curies":[{"name":"wp","href":"https:\/\/api.w.org\/{rel}","templated":true}]}}