{"id":5013,"date":"2022-01-20T07:18:21","date_gmt":"2022-01-20T06:18:21","guid":{"rendered":"https:\/\/agora.xtec.cat\/ceip-jrj\/?p=5013"},"modified":"2022-02-05T22:55:32","modified_gmt":"2022-02-05T21:55:32","slug":"noves-mesures-gestio-de-casos-covid-als-centres-educatius","status":"publish","type":"post","link":"https:\/\/agora.xtec.cat\/ceip-jrj\/general\/noves-mesures-gestio-de-casos-covid-als-centres-educatius\/","title":{"rendered":"NOVES MESURES GESTI\u00d3 DE CASOS COVID ALS CENTRES EDUCATIUS"},"content":{"rendered":"<h4><strong>PRINCIPALS NOVETATS<\/strong><\/h4>\n<p>Davant d\u2019un <strong>s\u00edmptoma de nova aparici\u00f3,<\/strong> encara que es presenti de forma a\u00efllada, l\u2019alumne\/a o professional del centre educatiu s\u2019haur\u00e0 de quedar a casa i establir contacte telef\u00f2nic o a trav\u00e9s de La Meva Salut amb el centre d\u2019atenci\u00f3 prim\u00e0ria en espera de rebre indicacions:<\/p>\n<p>\u2022 Febre o febr\u00edcula &gt; 37,5\u00baC\u00a0 \u2022 Tos \u2022 Dificultat per respirar \u2022 Mal de coll \u2022Refredat nasal \u2022 Cansament \u2022 Dolors musculars \u2022 Mal de cap \u2022 Mal de panxa \u2022 V\u00f2mits \u2022 Diarrea \u2022 P\u00e8rdua d\u2019olfacte o gust (infants grans i adolescents)<\/p>\n<p>En relaci\u00f3 a la gesti\u00f3 dels contactes estrets, es consideren <strong>\u201cimmunitzades\u201d<\/strong> aquelles persones que han rebut la pauta de vacunaci\u00f3 completa (14 dies despr\u00e9s d\u2019haver rebut la darrera dosi) i\/o aquelles que han passat la malaltia (amb prova diagn\u00f2stica que ho confirmi) en els darrers 90 dies (3 mesos).<\/p>\n<p>Les persones <strong>immunitzades estaran exemptes de quarantena<\/strong> per\u00f2 caldr\u00e0 que disminueixin la seva interacci\u00f3 social i que estiguin amatents a l\u2019aparici\u00f3 de qualsevol dels s\u00edmptomes esmentats. Si n\u2019apareix algun, caldr\u00e0 que es quedin a casa i que es posin en contacte telef\u00f2nic o a trav\u00e9s de La Meva Salut amb el seu centre d\u2019atenci\u00f3 prim\u00e0ria.<\/p>\n<p>Se <strong>suprimeix la indicaci\u00f3 de quarantena en l\u2019alumnat d\u2019educaci\u00f3 infantil i d\u2019educaci\u00f3 prim\u00e0ria immunitzat i no immunitzat quan hi hagi casos positius espor\u00e0dics en el GCE (4 o menys). Quan hi hagi 5 casos positius o m\u00e9s (o el 20% o m\u00e9s de positius) al GCE en un per\u00edode de 7 dies s\u2019indicar\u00e0 quarantena als infants no immunitzats del GCE.\u00a0<\/strong><\/p>\n<p>L\u2019alumnat d\u2019educaci\u00f3 prim\u00e0ria (immunitzat i no immunitzat) i l\u2019alumnat immunitzat dels centres d\u2019educaci\u00f3 especial (a partir de 6 anys),<strong> s\u2019incorporar\u00e0 al circuit B (TAR farm\u00e0cia) quan hi hagi un cas positiu al grup de conviv\u00e8ncia estable. Caldr\u00e0 que es faci el TAR entre els dies 0 i 1, un cop es notifiqui el cas positiu.\u00a0<\/strong><\/p>\n<p>El per\u00edode de quarantena (per contacte estret) i el per\u00edode d\u2019a\u00efllament (per positivitat) en <strong>persones asimptom\u00e0tiques o amb s\u00edmptomes lleus passen de 10 a 7 dies.<\/strong><\/p>\n<h4><a href=\"https:\/\/drive.google.com\/file\/d\/1O8Nk05v7ADW-hJwMzC1o31fzjkew55vR\/view?usp=sharing\">DOCUMENT COMPLERT<\/a><\/h4>\n<h4><a href=\"https:\/\/drive.google.com\/file\/d\/1IWP6odaUBNWAzdMJJROJEGBM-X5TaFZI\/view?usp=sharing\">RESUM GESTIO DE QUARANTENES I TESTS<\/a><\/h4>\n<h4><a href=\"https:\/\/drive.google.com\/file\/d\/1KBYNTAheuG83Ac3DBBrVcruR5FdwPddw\/view?usp=sharing\">RESUM PROTOCOL UNIFICAT ESCOLES DE MARTORELL<\/a><\/h4>\n","protected":false},"excerpt":{"rendered":"<p>En aquest article podeu informar-vos de les principals novetats respecte a la gesti\u00f3 de casos de Covid 19 als centres educatius a partir del 10 de gener.&hellip;  <a href=\"https:\/\/agora.xtec.cat\/ceip-jrj\/general\/noves-mesures-gestio-de-casos-covid-als-centres-educatius\/\" title=\"Read NOVES MESURES GESTI\u00d3 DE CASOS COVID ALS CENTRES EDUCATIUS\">Llegeix m\u00e9s\u00bb<\/a><\/p>\n","protected":false},"author":1,"featured_media":5035,"comment_status":"closed","ping_status":"closed","sticky":false,"template":"","format":"standard","meta":{"_bbp_topic_count":0,"_bbp_reply_count":0,"_bbp_total_topic_count":0,"_bbp_total_reply_count":0,"_bbp_voice_count":0,"_bbp_anonymous_reply_count":0,"_bbp_topic_count_hidden":0,"_bbp_reply_count_hidden":0,"_bbp_forum_subforum_count":0,"footnotes":""},"categories":[1,4],"tags":[],"class_list":["post-5013","post","type-post","status-publish","format-standard","has-post-thumbnail","hentry","category-general","category-portada"],"post_mailing_queue_ids":[],"_links":{"self":[{"href":"https:\/\/agora.xtec.cat\/ceip-jrj\/wp-json\/wp\/v2\/posts\/5013","targetHints":{"allow":["GET"]}}],"collection":[{"href":"https:\/\/agora.xtec.cat\/ceip-jrj\/wp-json\/wp\/v2\/posts"}],"about":[{"href":"https:\/\/agora.xtec.cat\/ceip-jrj\/wp-json\/wp\/v2\/types\/post"}],"author":[{"embeddable":true,"href":"https:\/\/agora.xtec.cat\/ceip-jrj\/wp-json\/wp\/v2\/users\/1"}],"replies":[{"embeddable":true,"href":"https:\/\/agora.xtec.cat\/ceip-jrj\/wp-json\/wp\/v2\/comments?post=5013"}],"version-history":[{"count":3,"href":"https:\/\/agora.xtec.cat\/ceip-jrj\/wp-json\/wp\/v2\/posts\/5013\/revisions"}],"predecessor-version":[{"id":5034,"href":"https:\/\/agora.xtec.cat\/ceip-jrj\/wp-json\/wp\/v2\/posts\/5013\/revisions\/5034"}],"wp:featuredmedia":[{"embeddable":true,"href":"https:\/\/agora.xtec.cat\/ceip-jrj\/wp-json\/wp\/v2\/media\/5035"}],"wp:attachment":[{"href":"https:\/\/agora.xtec.cat\/ceip-jrj\/wp-json\/wp\/v2\/media?parent=5013"}],"wp:term":[{"taxonomy":"category","embeddable":true,"href":"https:\/\/agora.xtec.cat\/ceip-jrj\/wp-json\/wp\/v2\/categories?post=5013"},{"taxonomy":"post_tag","embeddable":true,"href":"https:\/\/agora.xtec.cat\/ceip-jrj\/wp-json\/wp\/v2\/tags?post=5013"}],"curies":[{"name":"wp","href":"https:\/\/api.w.org\/{rel}","templated":true}]}}