{"id":5005,"date":"2021-12-23T16:10:14","date_gmt":"2021-12-23T15:10:14","guid":{"rendered":"https:\/\/agora.xtec.cat\/ceip-jrj\/?p=5005"},"modified":"2022-03-22T18:32:38","modified_gmt":"2022-03-22T17:32:38","slug":"1r-i-2n-una-visita-dallo-mes-reial","status":"publish","type":"post","link":"https:\/\/agora.xtec.cat\/ceip-jrj\/general\/1r-i-2n-una-visita-dallo-mes-reial\/","title":{"rendered":"Una visita d&#8217;all\u00f2 m\u00e9s reial al Cicle Inicial"},"content":{"rendered":"<p><a href=\"https:\/\/agora.xtec.cat\/ceip-jrj\/wp-content\/uploads\/usu280\/2021\/12\/article-scaled.jpg\"><img loading=\"lazy\" decoding=\"async\" class=\"wp-image-5007 alignleft\" src=\"https:\/\/agora.xtec.cat\/ceip-jrj\/wp-content\/uploads\/usu280\/2021\/12\/article-741x1024.jpg\" alt=\"\" width=\"182\" height=\"251\" srcset=\"https:\/\/agora.xtec.cat\/ceip-jrj\/wp-content\/uploads\/usu280\/2021\/12\/article-741x1024.jpg 741w, https:\/\/agora.xtec.cat\/ceip-jrj\/wp-content\/uploads\/usu280\/2021\/12\/article-217x300.jpg 217w, https:\/\/agora.xtec.cat\/ceip-jrj\/wp-content\/uploads\/usu280\/2021\/12\/article-768x1061.jpg 768w, https:\/\/agora.xtec.cat\/ceip-jrj\/wp-content\/uploads\/usu280\/2021\/12\/article-1112x1536.jpg 1112w, https:\/\/agora.xtec.cat\/ceip-jrj\/wp-content\/uploads\/usu280\/2021\/12\/article-1483x2048.jpg 1483w, https:\/\/agora.xtec.cat\/ceip-jrj\/wp-content\/uploads\/usu280\/2021\/12\/article-scaled.jpg 1853w\" sizes=\"auto, (max-width: 182px) 100vw, 182px\" \/><\/a><\/p>\n<p>Els nens i les nenes de 1r i 2n han rebut la visita m\u00e9s esperada de l&#8217;any: la del patge Viu-Viu!!!<br \/>\nL&#8217;ajudant de Sas Majestats\u00a0de l&#8217;Orient ha arribat a l&#8217;escola molt cansat del seu llarg viatge: ens va explicar que va haver d&#8217;agafar un helic\u00f2pter i despr\u00e9s un taxi perqu\u00e8 no volia provocar un enrenou al nostre poble viatjant amb el seu camell!<br \/>\nEns ha portat un Bingo per a cada classe i un detall dol\u00e7 per comen\u00e7ar les festes amb bon gust.<\/p>\n<p style=\"text-align: center;\">Torna l&#8217;any vinent Viu-Viu! T&#8217;esperem amb els bra\u00e7os oberts!<\/p>\n<h4 style=\"text-align: center;\"><a href=\"https:\/\/photos.app.goo.gl\/Z86o6s9LCsVTxR6x9\">Galeria Fotogr\u00e0fica<\/a><\/h4>\n","protected":false},"excerpt":{"rendered":"<p>Tres patges ajuden<br \/>\na tres grans \ud83d\udc2a\ud83d\udc2a\ud83d\udc2a,<br \/>\na sobre hi cavalquen<br \/>\nels tres reis d&#8217;Orient. \ud83e\udd34\ud83c\udfff\ud83e\udd34\ud83c\udffc\ud83e\udd34\ud83c\udffb<br \/>\nPotser estan cansats<br \/>\nper\u00f2 van molt contents,<br \/>\nells tenen tres regals<br \/>\nper tota la gent. \ud83c\udf81<br \/>\nL&#8217;un ens porta estima<br \/>\nl&#8217;altre ens duu Pau,<br \/>\ni l&#8217;\u00faltim ens encandila<br \/>\namb un somriure suau.&hellip;  <a href=\"https:\/\/agora.xtec.cat\/ceip-jrj\/general\/1r-i-2n-una-visita-dallo-mes-reial\/\" title=\"Read Una visita d&#8217;all\u00f2 m\u00e9s reial al Cicle Inicial\">Llegeix m\u00e9s\u00bb<\/a><\/p>\n","protected":false},"author":9,"featured_media":5006,"comment_status":"closed","ping_status":"closed","sticky":false,"template":"","format":"standard","meta":{"_bbp_topic_count":0,"_bbp_reply_count":0,"_bbp_total_topic_count":0,"_bbp_total_reply_count":0,"_bbp_voice_count":0,"_bbp_anonymous_reply_count":0,"_bbp_topic_count_hidden":0,"_bbp_reply_count_hidden":0,"_bbp_forum_subforum_count":0,"footnotes":""},"categories":[10,11,1,4,5],"tags":[],"class_list":["post-5005","post","type-post","status-publish","format-standard","has-post-thumbnail","hentry","category-1r","category-2n","category-general","category-portada","category-primaria"],"post_mailing_queue_ids":[],"_links":{"self":[{"href":"https:\/\/agora.xtec.cat\/ceip-jrj\/wp-json\/wp\/v2\/posts\/5005","targetHints":{"allow":["GET"]}}],"collection":[{"href":"https:\/\/agora.xtec.cat\/ceip-jrj\/wp-json\/wp\/v2\/posts"}],"about":[{"href":"https:\/\/agora.xtec.cat\/ceip-jrj\/wp-json\/wp\/v2\/types\/post"}],"author":[{"embeddable":true,"href":"https:\/\/agora.xtec.cat\/ceip-jrj\/wp-json\/wp\/v2\/users\/9"}],"replies":[{"embeddable":true,"href":"https:\/\/agora.xtec.cat\/ceip-jrj\/wp-json\/wp\/v2\/comments?post=5005"}],"version-history":[{"count":2,"href":"https:\/\/agora.xtec.cat\/ceip-jrj\/wp-json\/wp\/v2\/posts\/5005\/revisions"}],"predecessor-version":[{"id":5351,"href":"https:\/\/agora.xtec.cat\/ceip-jrj\/wp-json\/wp\/v2\/posts\/5005\/revisions\/5351"}],"wp:featuredmedia":[{"embeddable":true,"href":"https:\/\/agora.xtec.cat\/ceip-jrj\/wp-json\/wp\/v2\/media\/5006"}],"wp:attachment":[{"href":"https:\/\/agora.xtec.cat\/ceip-jrj\/wp-json\/wp\/v2\/media?parent=5005"}],"wp:term":[{"taxonomy":"category","embeddable":true,"href":"https:\/\/agora.xtec.cat\/ceip-jrj\/wp-json\/wp\/v2\/categories?post=5005"},{"taxonomy":"post_tag","embeddable":true,"href":"https:\/\/agora.xtec.cat\/ceip-jrj\/wp-json\/wp\/v2\/tags?post=5005"}],"curies":[{"name":"wp","href":"https:\/\/api.w.org\/{rel}","templated":true}]}}