{"id":4986,"date":"2021-12-17T16:53:21","date_gmt":"2021-12-17T15:53:21","guid":{"rendered":"https:\/\/agora.xtec.cat\/ceip-jrj\/?p=4986"},"modified":"2022-03-23T08:27:54","modified_gmt":"2022-03-23T07:27:54","slug":"racons-competencials-a-les-aules-de-cinque-i-sise","status":"publish","type":"post","link":"https:\/\/agora.xtec.cat\/ceip-jrj\/general\/racons-competencials-a-les-aules-de-cinque-i-sise\/","title":{"rendered":"Racons competencials i manipulatius al cicle superior"},"content":{"rendered":"<div id=\":19d\" class=\"ii gt\">\n<div id=\":19c\" class=\"a3s aiL \">\n<div dir=\"auto\">\n<div dir=\"auto\" style=\"text-align: left;\">Al cicle superior fem racons a les \u00e0rees de llengua, coneixement del medi i matem\u00e0tiques. Us mostrem un recull de les imatges m\u00e9s representatives del treball interdisciplinari realitzat a les aules i fora d&#8217;elles des de l&#8217;observaci\u00f3, l&#8217;experimentaci\u00f3 i la manipulaci\u00f3 durant aquest primer trimestre, en qu\u00e8 hem apr\u00e8s continguts curriculars com la fracci\u00f3 i operacions, les fonts d&#8217;energia renovables i la conscienciaci\u00f3 pel respecte al medi ambient, els ecosistemes, el per\u00edode tri\u00e0sic dels dinosaures i l&#8217;ofici de palent\u00f2leg, el volc\u00e0 i el magma, el sistema solar, la industrialitzaci\u00f3 a una col\u00f2nia t\u00e8xtil, la comunicaci\u00f3 oral i gestual a trav\u00e9s de l&#8217;Enrola&#8217;t, entre d&#8217;altres.<\/div>\n<div dir=\"auto\">Quin goig aprendre aix\u00ed de contents i feli\u00e7os i fent el que m\u00e9s ens agrada: la cooperaci\u00f3 i el treball en equip!<\/div>\n<\/div>\n<\/div>\n<div class=\"yj6qo\"><\/div>\n<div id=\":19c\" class=\"a3s aiL \">\n<div class=\"adL\">Per veure les fotos clica a: <a href=\"https:\/\/photos.app.goo.gl\/D6qbUsTsgjrk5MccA\">GALERIA FOTOGR\u00c0FICA<\/a><\/div>\n<\/div>\n<\/div>\n<div id=\":1b5\" class=\"hq gt a10\"><\/div>\n","protected":false},"excerpt":{"rendered":"<p>Al cicle superior fem racons a les \u00e0rees de llengua, coneixement del medi i matem\u00e0tiques. Us mostrem un recull de les imatges m\u00e9s representatives del treball interdisciplinari realitzat a les aules i fora d&#8217;elles des de l&#8217;observaci\u00f3, l&#8217;experimentaci\u00f3 i la manipulaci\u00f3 durant aquest primer trimestre,&hellip;  <a href=\"https:\/\/agora.xtec.cat\/ceip-jrj\/general\/racons-competencials-a-les-aules-de-cinque-i-sise\/\" title=\"Read Racons competencials i manipulatius al cicle superior\">Llegeix m\u00e9s\u00bb<\/a><\/p>\n","protected":false},"author":14,"featured_media":4989,"comment_status":"closed","ping_status":"closed","sticky":false,"template":"","format":"standard","meta":{"_bbp_topic_count":0,"_bbp_reply_count":0,"_bbp_total_topic_count":0,"_bbp_total_reply_count":0,"_bbp_voice_count":0,"_bbp_anonymous_reply_count":0,"_bbp_topic_count_hidden":0,"_bbp_reply_count_hidden":0,"_bbp_forum_subforum_count":0,"footnotes":""},"categories":[1,4],"tags":[],"class_list":["post-4986","post","type-post","status-publish","format-standard","has-post-thumbnail","hentry","category-general","category-portada"],"post_mailing_queue_ids":[],"_links":{"self":[{"href":"https:\/\/agora.xtec.cat\/ceip-jrj\/wp-json\/wp\/v2\/posts\/4986","targetHints":{"allow":["GET"]}}],"collection":[{"href":"https:\/\/agora.xtec.cat\/ceip-jrj\/wp-json\/wp\/v2\/posts"}],"about":[{"href":"https:\/\/agora.xtec.cat\/ceip-jrj\/wp-json\/wp\/v2\/types\/post"}],"author":[{"embeddable":true,"href":"https:\/\/agora.xtec.cat\/ceip-jrj\/wp-json\/wp\/v2\/users\/14"}],"replies":[{"embeddable":true,"href":"https:\/\/agora.xtec.cat\/ceip-jrj\/wp-json\/wp\/v2\/comments?post=4986"}],"version-history":[{"count":4,"href":"https:\/\/agora.xtec.cat\/ceip-jrj\/wp-json\/wp\/v2\/posts\/4986\/revisions"}],"predecessor-version":[{"id":5369,"href":"https:\/\/agora.xtec.cat\/ceip-jrj\/wp-json\/wp\/v2\/posts\/4986\/revisions\/5369"}],"wp:featuredmedia":[{"embeddable":true,"href":"https:\/\/agora.xtec.cat\/ceip-jrj\/wp-json\/wp\/v2\/media\/4989"}],"wp:attachment":[{"href":"https:\/\/agora.xtec.cat\/ceip-jrj\/wp-json\/wp\/v2\/media?parent=4986"}],"wp:term":[{"taxonomy":"category","embeddable":true,"href":"https:\/\/agora.xtec.cat\/ceip-jrj\/wp-json\/wp\/v2\/categories?post=4986"},{"taxonomy":"post_tag","embeddable":true,"href":"https:\/\/agora.xtec.cat\/ceip-jrj\/wp-json\/wp\/v2\/tags?post=4986"}],"curies":[{"name":"wp","href":"https:\/\/api.w.org\/{rel}","templated":true}]}}