{"id":4882,"date":"2021-11-22T20:31:16","date_gmt":"2021-11-22T19:31:16","guid":{"rendered":"https:\/\/agora.xtec.cat\/ceip-jrj\/?p=4882"},"modified":"2021-11-22T20:32:31","modified_gmt":"2021-11-22T19:32:31","slug":"logo-apadrinem-el-nostre-patrimoni","status":"publish","type":"post","link":"https:\/\/agora.xtec.cat\/ceip-jrj\/general\/logo-apadrinem-el-nostre-patrimoni\/","title":{"rendered":"LOGO &#8220;APADRINEM EL NOSTRE PATRIMONI&#8221;"},"content":{"rendered":"<p>El passat dijous, els delegats i les delegades\u00a0 del centre van triar els tres logos finalistes per al programa <em>Apadrinem el nostre patrimoni. <\/em>Va ser una decisi\u00f3 dif\u00edcil per\u00f2, despr\u00e9s d&#8217;una votaci\u00f3 secreta, el resultat va ser el seg\u00fcent:<\/p>\n<p>En tercer lloc un qu\u00edntuple empat. Aqu\u00ed teniu les produccions.<\/p>\n<p><a href=\"https:\/\/agora.xtec.cat\/ceip-jrj\/wp-content\/uploads\/usu280\/2021\/11\/IMG-3038-scaled.jpg\"><img loading=\"lazy\" decoding=\"async\" class=\"alignnone size-medium wp-image-4884\" src=\"https:\/\/agora.xtec.cat\/ceip-jrj\/wp-content\/uploads\/usu280\/2021\/11\/IMG-3038-300x225.jpg\" alt=\"\" width=\"300\" height=\"225\" srcset=\"https:\/\/agora.xtec.cat\/ceip-jrj\/wp-content\/uploads\/usu280\/2021\/11\/IMG-3038-300x225.jpg 300w, https:\/\/agora.xtec.cat\/ceip-jrj\/wp-content\/uploads\/usu280\/2021\/11\/IMG-3038-1024x768.jpg 1024w, https:\/\/agora.xtec.cat\/ceip-jrj\/wp-content\/uploads\/usu280\/2021\/11\/IMG-3038-768x576.jpg 768w, https:\/\/agora.xtec.cat\/ceip-jrj\/wp-content\/uploads\/usu280\/2021\/11\/IMG-3038-1536x1152.jpg 1536w, https:\/\/agora.xtec.cat\/ceip-jrj\/wp-content\/uploads\/usu280\/2021\/11\/IMG-3038-2048x1536.jpg 2048w, https:\/\/agora.xtec.cat\/ceip-jrj\/wp-content\/uploads\/usu280\/2021\/11\/IMG-3038-200x150.jpg 200w\" sizes=\"auto, (max-width: 300px) 100vw, 300px\" \/><\/a><\/p>\n<p>En segon lloc, a tocar del primer, el disseny de l&#8217;Amina. Felicitats!<\/p>\n<p><a href=\"https:\/\/agora.xtec.cat\/ceip-jrj\/wp-content\/uploads\/usu280\/2021\/11\/IMG-3033.jpg\"><img loading=\"lazy\" decoding=\"async\" class=\"alignnone size-medium wp-image-4886\" src=\"https:\/\/agora.xtec.cat\/ceip-jrj\/wp-content\/uploads\/usu280\/2021\/11\/IMG-3033-300x300.jpg\" alt=\"\" width=\"300\" height=\"300\" srcset=\"https:\/\/agora.xtec.cat\/ceip-jrj\/wp-content\/uploads\/usu280\/2021\/11\/IMG-3033-300x300.jpg 300w, https:\/\/agora.xtec.cat\/ceip-jrj\/wp-content\/uploads\/usu280\/2021\/11\/IMG-3033-1024x1024.jpg 1024w, https:\/\/agora.xtec.cat\/ceip-jrj\/wp-content\/uploads\/usu280\/2021\/11\/IMG-3033-150x150.jpg 150w, https:\/\/agora.xtec.cat\/ceip-jrj\/wp-content\/uploads\/usu280\/2021\/11\/IMG-3033-768x768.jpg 768w, https:\/\/agora.xtec.cat\/ceip-jrj\/wp-content\/uploads\/usu280\/2021\/11\/IMG-3033-1536x1536.jpg 1536w, https:\/\/agora.xtec.cat\/ceip-jrj\/wp-content\/uploads\/usu280\/2021\/11\/IMG-3033-2048x2048.jpg 2048w\" sizes=\"auto, (max-width: 300px) 100vw, 300px\" \/><\/a><a href=\"https:\/\/agora.xtec.cat\/ceip-jrj\/wp-content\/uploads\/usu280\/2021\/11\/SIM-080206021111813180_0001.jpg\"><img loading=\"lazy\" decoding=\"async\" class=\"alignnone size-medium wp-image-4890\" src=\"https:\/\/agora.xtec.cat\/ceip-jrj\/wp-content\/uploads\/usu280\/2021\/11\/SIM-080206021111813180_0001-212x300.jpg\" alt=\"\" width=\"212\" height=\"300\" srcset=\"https:\/\/agora.xtec.cat\/ceip-jrj\/wp-content\/uploads\/usu280\/2021\/11\/SIM-080206021111813180_0001-212x300.jpg 212w, https:\/\/agora.xtec.cat\/ceip-jrj\/wp-content\/uploads\/usu280\/2021\/11\/SIM-080206021111813180_0001-724x1024.jpg 724w, https:\/\/agora.xtec.cat\/ceip-jrj\/wp-content\/uploads\/usu280\/2021\/11\/SIM-080206021111813180_0001-768x1086.jpg 768w, https:\/\/agora.xtec.cat\/ceip-jrj\/wp-content\/uploads\/usu280\/2021\/11\/SIM-080206021111813180_0001-1086x1536.jpg 1086w, https:\/\/agora.xtec.cat\/ceip-jrj\/wp-content\/uploads\/usu280\/2021\/11\/SIM-080206021111813180_0001-1448x2048.jpg 1448w, https:\/\/agora.xtec.cat\/ceip-jrj\/wp-content\/uploads\/usu280\/2021\/11\/SIM-080206021111813180_0001.jpg 1653w\" sizes=\"auto, (max-width: 212px) 100vw, 212px\" \/><\/a><\/p>\n<p>I en primer lloc, el fant\u00e0stic castell de la Lucia. Va ser el m\u00e9s votat i ser\u00e0 el logo que representi el nostre element apadrinat. Molt\u00edssimes felicitats, Luc\u00eda!<\/p>\n<p><a href=\"https:\/\/agora.xtec.cat\/ceip-jrj\/wp-content\/uploads\/usu280\/2021\/11\/IMG-3037.jpg\"><img loading=\"lazy\" decoding=\"async\" class=\"alignnone size-medium wp-image-4889\" src=\"https:\/\/agora.xtec.cat\/ceip-jrj\/wp-content\/uploads\/usu280\/2021\/11\/IMG-3037-225x300.jpg\" alt=\"\" width=\"225\" height=\"300\" srcset=\"https:\/\/agora.xtec.cat\/ceip-jrj\/wp-content\/uploads\/usu280\/2021\/11\/IMG-3037-225x300.jpg 225w, https:\/\/agora.xtec.cat\/ceip-jrj\/wp-content\/uploads\/usu280\/2021\/11\/IMG-3037-768x1024.jpg 768w, https:\/\/agora.xtec.cat\/ceip-jrj\/wp-content\/uploads\/usu280\/2021\/11\/IMG-3037.jpg 1136w\" sizes=\"auto, (max-width: 225px) 100vw, 225px\" \/><\/a><a href=\"https:\/\/agora.xtec.cat\/ceip-jrj\/wp-content\/uploads\/usu280\/2021\/11\/SIM-080206021111813182_0001.jpg\"><img loading=\"lazy\" decoding=\"async\" class=\"alignnone size-medium wp-image-4880\" src=\"https:\/\/agora.xtec.cat\/ceip-jrj\/wp-content\/uploads\/usu280\/2021\/11\/SIM-080206021111813182_0001-300x212.jpg\" alt=\"\" width=\"300\" height=\"212\" srcset=\"https:\/\/agora.xtec.cat\/ceip-jrj\/wp-content\/uploads\/usu280\/2021\/11\/SIM-080206021111813182_0001-300x212.jpg 300w, https:\/\/agora.xtec.cat\/ceip-jrj\/wp-content\/uploads\/usu280\/2021\/11\/SIM-080206021111813182_0001-1024x724.jpg 1024w, https:\/\/agora.xtec.cat\/ceip-jrj\/wp-content\/uploads\/usu280\/2021\/11\/SIM-080206021111813182_0001-768x543.jpg 768w, https:\/\/agora.xtec.cat\/ceip-jrj\/wp-content\/uploads\/usu280\/2021\/11\/SIM-080206021111813182_0001-1536x1086.jpg 1536w, https:\/\/agora.xtec.cat\/ceip-jrj\/wp-content\/uploads\/usu280\/2021\/11\/SIM-080206021111813182_0001-2048x1448.jpg 2048w\" sizes=\"auto, (max-width: 300px) 100vw, 300px\" \/><\/a><\/p>\n","protected":false},"excerpt":{"rendered":"<p>El passat dijous, els delegats i les delegades\u00a0 del centre van triar els tres logos finalistes per al programa Apadrinem el nostre patrimoni. Va ser una decisi\u00f3 dif\u00edcil per\u00f2, despr\u00e9s d&#8217;una votaci\u00f3 secreta, el resultat va ser el seg\u00fcent:<br \/>\nEn tercer lloc un qu\u00edntuple empat. Aqu\u00ed&hellip;  <a href=\"https:\/\/agora.xtec.cat\/ceip-jrj\/general\/logo-apadrinem-el-nostre-patrimoni\/\" title=\"Read LOGO &#8220;APADRINEM EL NOSTRE PATRIMONI&#8221;\">Llegeix m\u00e9s\u00bb<\/a><\/p>\n","protected":false},"author":1,"featured_media":4880,"comment_status":"closed","ping_status":"closed","sticky":false,"template":"","format":"standard","meta":{"_bbp_topic_count":0,"_bbp_reply_count":0,"_bbp_total_topic_count":0,"_bbp_total_reply_count":0,"_bbp_voice_count":0,"_bbp_anonymous_reply_count":0,"_bbp_topic_count_hidden":0,"_bbp_reply_count_hidden":0,"_bbp_forum_subforum_count":0,"footnotes":""},"categories":[1,4],"tags":[],"class_list":["post-4882","post","type-post","status-publish","format-standard","has-post-thumbnail","hentry","category-general","category-portada"],"post_mailing_queue_ids":[],"_links":{"self":[{"href":"https:\/\/agora.xtec.cat\/ceip-jrj\/wp-json\/wp\/v2\/posts\/4882","targetHints":{"allow":["GET"]}}],"collection":[{"href":"https:\/\/agora.xtec.cat\/ceip-jrj\/wp-json\/wp\/v2\/posts"}],"about":[{"href":"https:\/\/agora.xtec.cat\/ceip-jrj\/wp-json\/wp\/v2\/types\/post"}],"author":[{"embeddable":true,"href":"https:\/\/agora.xtec.cat\/ceip-jrj\/wp-json\/wp\/v2\/users\/1"}],"replies":[{"embeddable":true,"href":"https:\/\/agora.xtec.cat\/ceip-jrj\/wp-json\/wp\/v2\/comments?post=4882"}],"version-history":[{"count":3,"href":"https:\/\/agora.xtec.cat\/ceip-jrj\/wp-json\/wp\/v2\/posts\/4882\/revisions"}],"predecessor-version":[{"id":4894,"href":"https:\/\/agora.xtec.cat\/ceip-jrj\/wp-json\/wp\/v2\/posts\/4882\/revisions\/4894"}],"wp:featuredmedia":[{"embeddable":true,"href":"https:\/\/agora.xtec.cat\/ceip-jrj\/wp-json\/wp\/v2\/media\/4880"}],"wp:attachment":[{"href":"https:\/\/agora.xtec.cat\/ceip-jrj\/wp-json\/wp\/v2\/media?parent=4882"}],"wp:term":[{"taxonomy":"category","embeddable":true,"href":"https:\/\/agora.xtec.cat\/ceip-jrj\/wp-json\/wp\/v2\/categories?post=4882"},{"taxonomy":"post_tag","embeddable":true,"href":"https:\/\/agora.xtec.cat\/ceip-jrj\/wp-json\/wp\/v2\/tags?post=4882"}],"curies":[{"name":"wp","href":"https:\/\/api.w.org\/{rel}","templated":true}]}}