{"id":4845,"date":"2021-11-21T11:30:09","date_gmt":"2021-11-21T10:30:09","guid":{"rendered":"https:\/\/agora.xtec.cat\/ceip-jrj\/?p=4845"},"modified":"2021-11-21T11:37:32","modified_gmt":"2021-11-21T10:37:32","slug":"que-es-apadrinem-el-nostre-patrimoni","status":"publish","type":"post","link":"https:\/\/agora.xtec.cat\/ceip-jrj\/general\/que-es-apadrinem-el-nostre-patrimoni\/","title":{"rendered":"Qu\u00e8 \u00e9s &#8220;Apadrinem el nostre patrimoni&#8221;?"},"content":{"rendered":"<p>Apadrinem el nostre patrimoni \u00e9s un programa d&#8217;innovaci\u00f3 educativa reconegut pel Departament d&#8217;educaci\u00f3 i que dura tres anys.<\/p>\n<p>En el nostre cas va ser recol\u00e7at pel claustre i presentat i aprovat al consell escolar. Es va fer la sol\u00b7licitud formal al Departament i hem estat admesos en la convocat\u00f2ria 21-22.<\/p>\n<p>El programa es basa en la idea de l\u2019apadrinament d\u2019un element patrimonial per part del centre educatiu, la qual cosa comporta donar-li valor i aprofundir en el seu coneixement des del punt de vista cultural i, alhora, fer que aquest coneixement sigui socialment rellevant, \u00e9s a dir, que arribi a la mateixa comunitat i a l\u2019entorn de l\u2019escola.<\/p>\n<p>Els\u00a0<strong>objectius<\/strong>\u00a0del Programa d\u2019Apadrinem el nostre patrimoni s\u00f3n els seg\u00fcents:<\/p>\n<ul>\n<li>Afavorir la implicaci\u00f3 de l\u2019alumnat a partir d\u2019una proposta did\u00e0ctica dissenyada amb els criteris de significativitat, comunicaci\u00f3, acci\u00f3 i projecci\u00f3 del model competencial orientador.<\/li>\n<li>Promoure el coneixement del patrimoni m\u00e9s proper al centre educatiu.<\/li>\n<li>Projectar el coneixement adquirit per l\u2019alumnat sobre l\u2019element patrimonial a la pr\u00f2pia comunitat i a l\u2019entorn<\/li>\n<\/ul>\n<p>Si voleu saber m\u00e9s sobre el programa,<a href=\"https:\/\/drive.google.com\/file\/d\/1niFYtgex0sUazP05vbLtkZRaiSSyQ6m0\/view?usp=sharing\"> AQU\u00cd<\/a> teniu informaci\u00f3.<\/p>\n","protected":false},"excerpt":{"rendered":"<p>Apadrinem el nostre patrimoni \u00e9s un programa d&#8217;innovaci\u00f3 educativa reconegut pel Departament d&#8217;educaci\u00f3 i que dura tres anys.<br \/>\nEn el nostre cas va ser recol\u00e7at pel claustre i presentat i aprovat al consell escolar. Es va fer la sol\u00b7licitud formal al Departament i hem estat admesos&hellip;  <a href=\"https:\/\/agora.xtec.cat\/ceip-jrj\/general\/que-es-apadrinem-el-nostre-patrimoni\/\" title=\"Read Qu\u00e8 \u00e9s &#8220;Apadrinem el nostre patrimoni&#8221;?\">Llegeix m\u00e9s\u00bb<\/a><\/p>\n","protected":false},"author":1,"featured_media":0,"comment_status":"closed","ping_status":"closed","sticky":false,"template":"","format":"standard","meta":{"_bbp_topic_count":0,"_bbp_reply_count":0,"_bbp_total_topic_count":0,"_bbp_total_reply_count":0,"_bbp_voice_count":0,"_bbp_anonymous_reply_count":0,"_bbp_topic_count_hidden":0,"_bbp_reply_count_hidden":0,"_bbp_forum_subforum_count":0,"footnotes":""},"categories":[1],"tags":[],"class_list":["post-4845","post","type-post","status-publish","format-standard","hentry","category-general"],"post_mailing_queue_ids":[],"_links":{"self":[{"href":"https:\/\/agora.xtec.cat\/ceip-jrj\/wp-json\/wp\/v2\/posts\/4845","targetHints":{"allow":["GET"]}}],"collection":[{"href":"https:\/\/agora.xtec.cat\/ceip-jrj\/wp-json\/wp\/v2\/posts"}],"about":[{"href":"https:\/\/agora.xtec.cat\/ceip-jrj\/wp-json\/wp\/v2\/types\/post"}],"author":[{"embeddable":true,"href":"https:\/\/agora.xtec.cat\/ceip-jrj\/wp-json\/wp\/v2\/users\/1"}],"replies":[{"embeddable":true,"href":"https:\/\/agora.xtec.cat\/ceip-jrj\/wp-json\/wp\/v2\/comments?post=4845"}],"version-history":[{"count":3,"href":"https:\/\/agora.xtec.cat\/ceip-jrj\/wp-json\/wp\/v2\/posts\/4845\/revisions"}],"predecessor-version":[{"id":4861,"href":"https:\/\/agora.xtec.cat\/ceip-jrj\/wp-json\/wp\/v2\/posts\/4845\/revisions\/4861"}],"wp:attachment":[{"href":"https:\/\/agora.xtec.cat\/ceip-jrj\/wp-json\/wp\/v2\/media?parent=4845"}],"wp:term":[{"taxonomy":"category","embeddable":true,"href":"https:\/\/agora.xtec.cat\/ceip-jrj\/wp-json\/wp\/v2\/categories?post=4845"},{"taxonomy":"post_tag","embeddable":true,"href":"https:\/\/agora.xtec.cat\/ceip-jrj\/wp-json\/wp\/v2\/tags?post=4845"}],"curies":[{"name":"wp","href":"https:\/\/api.w.org\/{rel}","templated":true}]}}