{"id":4822,"date":"2021-11-18T23:38:35","date_gmt":"2021-11-18T22:38:35","guid":{"rendered":"https:\/\/agora.xtec.cat\/ceip-jrj\/?p=4822"},"modified":"2021-11-19T10:07:04","modified_gmt":"2021-11-19T09:07:04","slug":"votacions-dia-24-de-novembre","status":"publish","type":"post","link":"https:\/\/agora.xtec.cat\/ceip-jrj\/general\/votacions-dia-24-de-novembre\/","title":{"rendered":"Votacions dia 24 de novembre"},"content":{"rendered":"<p><strong>El dia 24 de novembre es duran a terme les votacions del sector pares, mares o representants legals. Participar i votar\u00a0 \u00e9s la manera de fer arribar la vostra veu i col\u00b7laborar en l&#8217;educaci\u00f3 dels vostres fills i filles. <\/strong>Cal renovar dos dels quatre representats del consell del sector fam\u00edlies.<\/p>\n<ul style=\"list-style-type: circle;\">\n<li><strong>Lloc<\/strong>: gimn\u00e0s del centre.<\/li>\n<li><strong>Horari:<\/strong> de les 8.55 a les 12.45h i de les 14.50 a les 16.45h.<\/li>\n<li><strong>Acc\u00e9s: <\/strong>accedireu al centre per la porta de l&#8217;AMPA i al gimn\u00e0s per la porta de davant del pati d&#8217;infantil.<\/li>\n<li><strong>Meses de votaci\u00f3<\/strong>: estaran formades per dos persones del cens de pares, mares i representants legals. Custodiaran l&#8217;urna i\u00a0 supervisaran el proc\u00e9s electoral. En acabar faran el recompte de vots i s&#8217;extendr\u00e0 l&#8217;acta oficial.<\/li>\n<li><strong>Paperetes<\/strong>: les paperetes tindran el nom dels quatre candidats. Nom\u00e9s es poden marcar a dos perqu\u00e8 \u00e9s el n\u00famero de vacants a renovar.<\/li>\n<li>Els dos candidats m\u00e9s votats ocuparan les dues vacants a renovar. Els altres dos quedaran en reserva disponibles per si en els proper dos anys, fins que es tornin a convocar eleccions,\u00a0sorgeix alguna incid\u00e8ncia i es genera una vacant.<\/li>\n<\/ul>\n<p>Bona Jornada!!<\/p>\n","protected":false},"excerpt":{"rendered":"<p>El dia 24 de novembre es duran a terme les votacions del sector pares, mares o representants legals. Participar i votar\u00a0 \u00e9s la manera de fer arribar la vostra veu i col\u00b7laborar en l&#8217;educaci\u00f3 dels vostres fills i filles. Cal renovar dos dels quatre representats&hellip;  <a href=\"https:\/\/agora.xtec.cat\/ceip-jrj\/general\/votacions-dia-24-de-novembre\/\" title=\"Read Votacions dia 24 de novembre\">Llegeix m\u00e9s\u00bb<\/a><\/p>\n","protected":false},"author":1,"featured_media":0,"comment_status":"open","ping_status":"closed","sticky":false,"template":"","format":"standard","meta":{"_bbp_topic_count":0,"_bbp_reply_count":0,"_bbp_total_topic_count":0,"_bbp_total_reply_count":0,"_bbp_voice_count":0,"_bbp_anonymous_reply_count":0,"_bbp_topic_count_hidden":0,"_bbp_reply_count_hidden":0,"_bbp_forum_subforum_count":0,"footnotes":""},"categories":[1],"tags":[],"class_list":["post-4822","post","type-post","status-publish","format-standard","hentry","category-general"],"post_mailing_queue_ids":[],"_links":{"self":[{"href":"https:\/\/agora.xtec.cat\/ceip-jrj\/wp-json\/wp\/v2\/posts\/4822","targetHints":{"allow":["GET"]}}],"collection":[{"href":"https:\/\/agora.xtec.cat\/ceip-jrj\/wp-json\/wp\/v2\/posts"}],"about":[{"href":"https:\/\/agora.xtec.cat\/ceip-jrj\/wp-json\/wp\/v2\/types\/post"}],"author":[{"embeddable":true,"href":"https:\/\/agora.xtec.cat\/ceip-jrj\/wp-json\/wp\/v2\/users\/1"}],"replies":[{"embeddable":true,"href":"https:\/\/agora.xtec.cat\/ceip-jrj\/wp-json\/wp\/v2\/comments?post=4822"}],"version-history":[{"count":1,"href":"https:\/\/agora.xtec.cat\/ceip-jrj\/wp-json\/wp\/v2\/posts\/4822\/revisions"}],"predecessor-version":[{"id":4823,"href":"https:\/\/agora.xtec.cat\/ceip-jrj\/wp-json\/wp\/v2\/posts\/4822\/revisions\/4823"}],"wp:attachment":[{"href":"https:\/\/agora.xtec.cat\/ceip-jrj\/wp-json\/wp\/v2\/media?parent=4822"}],"wp:term":[{"taxonomy":"category","embeddable":true,"href":"https:\/\/agora.xtec.cat\/ceip-jrj\/wp-json\/wp\/v2\/categories?post=4822"},{"taxonomy":"post_tag","embeddable":true,"href":"https:\/\/agora.xtec.cat\/ceip-jrj\/wp-json\/wp\/v2\/tags?post=4822"}],"curies":[{"name":"wp","href":"https:\/\/api.w.org\/{rel}","templated":true}]}}