{"id":4807,"date":"2021-11-15T12:25:53","date_gmt":"2021-11-15T11:25:53","guid":{"rendered":"https:\/\/agora.xtec.cat\/ceip-jrj\/?p=4807"},"modified":"2021-11-15T13:18:23","modified_gmt":"2021-11-15T12:18:23","slug":"3r-visita-la-fundacio-miro","status":"publish","type":"post","link":"https:\/\/agora.xtec.cat\/ceip-jrj\/general\/3r-visita-la-fundacio-miro\/","title":{"rendered":"3r VISITA LA FUNDACI\u00d3 MIR\u00d3"},"content":{"rendered":"<p>El passat divendres l\u2019alumnat de 3r va visitar la Fundaci\u00f3 Mir\u00f3. All\u00e0 van tenir l\u2019oportunitat de veure moltes obres que abans ja havien treballat a classe i con\u00e8ixer els elements que a Mir\u00f3 li agradava reproduir.<\/p>\n<p>Per cloure la visita van anar passejant fins el Jard\u00ed de les Escultures, un lloc molt bonic i tranquil que hi ha molt a prop de la Fundaci\u00f3 Mir\u00f3, per dinar plegats.<\/p>\n<p>Feu clic <a href=\"https:\/\/photos.app.goo.gl\/nJUS7SsuDD1LCsZb9\">aqu\u00ed<\/a> per veure la nostra experi\u00e8ncia.<\/p>\n","protected":false},"excerpt":{"rendered":"<p>El passat divendres l\u2019alumnat de 3r va visitar la Fundaci\u00f3 Mir\u00f3. All\u00e0 van tenir l\u2019oportunitat de veure moltes obres que abans ja havien treballat a classe i con\u00e8ixer els elements que a Mir\u00f3 li agradava reproduir.<br \/>\nPer cloure la visita van anar passejant fins el Jard\u00ed&hellip;  <a href=\"https:\/\/agora.xtec.cat\/ceip-jrj\/general\/3r-visita-la-fundacio-miro\/\" title=\"Read 3r VISITA LA FUNDACI\u00d3 MIR\u00d3\">Llegeix m\u00e9s\u00bb<\/a><\/p>\n","protected":false},"author":1,"featured_media":4808,"comment_status":"closed","ping_status":"closed","sticky":false,"template":"","format":"standard","meta":{"_bbp_topic_count":0,"_bbp_reply_count":0,"_bbp_total_topic_count":0,"_bbp_total_reply_count":0,"_bbp_voice_count":0,"_bbp_anonymous_reply_count":0,"_bbp_topic_count_hidden":0,"_bbp_reply_count_hidden":0,"_bbp_forum_subforum_count":0,"footnotes":""},"categories":[12,1,4,5],"tags":[],"class_list":["post-4807","post","type-post","status-publish","format-standard","has-post-thumbnail","hentry","category-3r","category-general","category-portada","category-primaria"],"post_mailing_queue_ids":[],"_links":{"self":[{"href":"https:\/\/agora.xtec.cat\/ceip-jrj\/wp-json\/wp\/v2\/posts\/4807","targetHints":{"allow":["GET"]}}],"collection":[{"href":"https:\/\/agora.xtec.cat\/ceip-jrj\/wp-json\/wp\/v2\/posts"}],"about":[{"href":"https:\/\/agora.xtec.cat\/ceip-jrj\/wp-json\/wp\/v2\/types\/post"}],"author":[{"embeddable":true,"href":"https:\/\/agora.xtec.cat\/ceip-jrj\/wp-json\/wp\/v2\/users\/1"}],"replies":[{"embeddable":true,"href":"https:\/\/agora.xtec.cat\/ceip-jrj\/wp-json\/wp\/v2\/comments?post=4807"}],"version-history":[{"count":3,"href":"https:\/\/agora.xtec.cat\/ceip-jrj\/wp-json\/wp\/v2\/posts\/4807\/revisions"}],"predecessor-version":[{"id":4812,"href":"https:\/\/agora.xtec.cat\/ceip-jrj\/wp-json\/wp\/v2\/posts\/4807\/revisions\/4812"}],"wp:featuredmedia":[{"embeddable":true,"href":"https:\/\/agora.xtec.cat\/ceip-jrj\/wp-json\/wp\/v2\/media\/4808"}],"wp:attachment":[{"href":"https:\/\/agora.xtec.cat\/ceip-jrj\/wp-json\/wp\/v2\/media?parent=4807"}],"wp:term":[{"taxonomy":"category","embeddable":true,"href":"https:\/\/agora.xtec.cat\/ceip-jrj\/wp-json\/wp\/v2\/categories?post=4807"},{"taxonomy":"post_tag","embeddable":true,"href":"https:\/\/agora.xtec.cat\/ceip-jrj\/wp-json\/wp\/v2\/tags?post=4807"}],"curies":[{"name":"wp","href":"https:\/\/api.w.org\/{rel}","templated":true}]}}