{"id":4746,"date":"2021-10-30T21:25:35","date_gmt":"2021-10-30T19:25:35","guid":{"rendered":"https:\/\/agora.xtec.cat\/ceip-jrj\/?p=4746"},"modified":"2021-11-01T14:15:28","modified_gmt":"2021-11-01T13:15:28","slug":"a-infantil-celebrem-la-castanyada","status":"publish","type":"post","link":"https:\/\/agora.xtec.cat\/ceip-jrj\/general\/a-infantil-celebrem-la-castanyada\/","title":{"rendered":"A INFANTIL CELEBREM LA CASTANYADA!"},"content":{"rendered":"<p>Us dir\u00e9 una endevinalla molt especial&#8230;<\/p>\n<p><em>UNA SENYORA MOLT GRAN<\/em><\/p>\n<p><em>AMB UN MOCADOR AL CAP<\/em><\/p>\n<p><em>QUE CULL CASTANYES AL BOSC<\/em><\/p>\n<p><em>I LES TORRA PER TOTHOM<\/em><\/p>\n<p>Sabeu qui \u00e9s??? Doncs s\u00ed\u00ed\u00ed\u00ed La nostra estimada Castanyera, que un curs m\u00e9s ens ha vingut a visitar al Juanra. A les classes dels Dinosaures, Diplodocus, Velociraptor, T-Rex i Scorpius Rex ens ha encantat la visita d&#8217;aquesta velleta tan marxosa i simp\u00e0tica. Les nenes i els nens, disfressats de castanyers i castanyeres, li han cantat un munt de can\u00e7ons que havien preparat amb la bruixeta Tuhanet. Ahhh i sabeu qu\u00e8 ens ha portat la Castanyera? Unes castanyes ben torrades i calentones!!!\u00a0 Gr\u00e0cies Maria Castanyera, el proper curs ja saps que al Juanra t&#8217;estarem esperant!. Us agradaria veure quina festa m\u00e9s divertida hem tingut amb la Castanyera? <a href=\"https:\/\/photos.app.goo.gl\/Zak3DocSRXSFKP1V7\">Doncs cliqueu aqu\u00ed i gaudiu de la festa.<\/a><\/p>\n","protected":false},"excerpt":{"rendered":"<p>Us dir\u00e9 una endevinalla molt especial&#8230;<br \/>\nUNA SENYORA MOLT GRAN<br \/>\nAMB UN MOCADOR AL CAP<br \/>\nQUE CULL CASTANYES AL BOSC<br \/>\nI LES TORRA PER TOTHOM<br \/>\nSabeu qui \u00e9s??? Doncs s\u00ed\u00ed\u00ed\u00ed La nostra estimada Castanyera, que un curs m\u00e9s ens ha vingut a visitar al Juanra. A les classes dels Dinosaures,&hellip;  <a href=\"https:\/\/agora.xtec.cat\/ceip-jrj\/general\/a-infantil-celebrem-la-castanyada\/\" title=\"Read A INFANTIL CELEBREM LA CASTANYADA!\">Llegeix m\u00e9s\u00bb<\/a><\/p>\n","protected":false},"author":11,"featured_media":4747,"comment_status":"closed","ping_status":"closed","sticky":false,"template":"","format":"standard","meta":{"_bbp_topic_count":0,"_bbp_reply_count":0,"_bbp_total_topic_count":0,"_bbp_total_reply_count":0,"_bbp_voice_count":0,"_bbp_anonymous_reply_count":0,"_bbp_topic_count_hidden":0,"_bbp_reply_count_hidden":0,"_bbp_forum_subforum_count":0,"footnotes":""},"categories":[1,2,4,5],"tags":[],"class_list":["post-4746","post","type-post","status-publish","format-standard","has-post-thumbnail","hentry","category-general","category-infantil","category-portada","category-primaria"],"post_mailing_queue_ids":[],"_links":{"self":[{"href":"https:\/\/agora.xtec.cat\/ceip-jrj\/wp-json\/wp\/v2\/posts\/4746","targetHints":{"allow":["GET"]}}],"collection":[{"href":"https:\/\/agora.xtec.cat\/ceip-jrj\/wp-json\/wp\/v2\/posts"}],"about":[{"href":"https:\/\/agora.xtec.cat\/ceip-jrj\/wp-json\/wp\/v2\/types\/post"}],"author":[{"embeddable":true,"href":"https:\/\/agora.xtec.cat\/ceip-jrj\/wp-json\/wp\/v2\/users\/11"}],"replies":[{"embeddable":true,"href":"https:\/\/agora.xtec.cat\/ceip-jrj\/wp-json\/wp\/v2\/comments?post=4746"}],"version-history":[{"count":1,"href":"https:\/\/agora.xtec.cat\/ceip-jrj\/wp-json\/wp\/v2\/posts\/4746\/revisions"}],"predecessor-version":[{"id":4748,"href":"https:\/\/agora.xtec.cat\/ceip-jrj\/wp-json\/wp\/v2\/posts\/4746\/revisions\/4748"}],"wp:featuredmedia":[{"embeddable":true,"href":"https:\/\/agora.xtec.cat\/ceip-jrj\/wp-json\/wp\/v2\/media\/4747"}],"wp:attachment":[{"href":"https:\/\/agora.xtec.cat\/ceip-jrj\/wp-json\/wp\/v2\/media?parent=4746"}],"wp:term":[{"taxonomy":"category","embeddable":true,"href":"https:\/\/agora.xtec.cat\/ceip-jrj\/wp-json\/wp\/v2\/categories?post=4746"},{"taxonomy":"post_tag","embeddable":true,"href":"https:\/\/agora.xtec.cat\/ceip-jrj\/wp-json\/wp\/v2\/tags?post=4746"}],"curies":[{"name":"wp","href":"https:\/\/api.w.org\/{rel}","templated":true}]}}