{"id":4719,"date":"2021-10-29T21:18:33","date_gmt":"2021-10-29T19:18:33","guid":{"rendered":"https:\/\/agora.xtec.cat\/ceip-jrj\/?p=4719"},"modified":"2022-03-22T18:34:35","modified_gmt":"2022-03-22T17:34:35","slug":"matematiques-a-les-nostres-mans-2","status":"publish","type":"post","link":"https:\/\/agora.xtec.cat\/ceip-jrj\/general\/matematiques-a-les-nostres-mans-2\/","title":{"rendered":"Matem\u00e0tiques a les nostres mans!"},"content":{"rendered":"<p><a href=\"https:\/\/agora.xtec.cat\/ceip-jrj\/wp-content\/uploads\/usu280\/2021\/10\/IMG_20210929_161021.jpg\"><img loading=\"lazy\" decoding=\"async\" class=\"wp-image-4738 alignleft\" src=\"https:\/\/agora.xtec.cat\/ceip-jrj\/wp-content\/uploads\/usu280\/2021\/10\/IMG_20210929_161021-1024x907.jpg\" alt=\"\" width=\"226\" height=\"200\" srcset=\"https:\/\/agora.xtec.cat\/ceip-jrj\/wp-content\/uploads\/usu280\/2021\/10\/IMG_20210929_161021-1024x907.jpg 1024w, https:\/\/agora.xtec.cat\/ceip-jrj\/wp-content\/uploads\/usu280\/2021\/10\/IMG_20210929_161021-300x266.jpg 300w, https:\/\/agora.xtec.cat\/ceip-jrj\/wp-content\/uploads\/usu280\/2021\/10\/IMG_20210929_161021-768x680.jpg 768w, https:\/\/agora.xtec.cat\/ceip-jrj\/wp-content\/uploads\/usu280\/2021\/10\/IMG_20210929_161021-1536x1360.jpg 1536w, https:\/\/agora.xtec.cat\/ceip-jrj\/wp-content\/uploads\/usu280\/2021\/10\/IMG_20210929_161021-2048x1813.jpg 2048w\" sizes=\"auto, (max-width: 226px) 100vw, 226px\" \/><\/a><\/p>\n<p>Aprendre matem\u00e0tiques \u00e9s d&#8217;all\u00f2 m\u00e9s divertit si podem tocar-les!&#8230;<\/p>\n<p>Aix\u00f2 pensen els nens i les nenes de 2n quan fan les sessions de Racons matem\u00e0tics. Qu\u00e8 no us ho creieu?<\/p>\n<p>Mireu la nostra galeria fotogr\u00e0fica:<\/p>\n<h4 style=\"text-align: center;\"><a href=\"https:\/\/photos.app.goo.gl\/wk6sVNePDQYzLMkq8\">Galeria fotogr\u00e0fica<\/a><\/h4>\n","protected":false},"excerpt":{"rendered":"<p><a href=\"https:\/\/agora.xtec.cat\/ceip-jrj\/wp-content\/uploads\/usu280\/2021\/10\/IMG_20210929_161021.jpg\"><\/a><br \/>\nAprendre matem\u00e0tiques \u00e9s d&#8217;all\u00f2 m\u00e9s divertit si podem tocar-les!&#8230;<br \/>\nAix\u00f2 pensen els nens i les nenes de 2n quan fan les sessions de Racons matem\u00e0tics. Qu\u00e8 no us ho creieu?<br \/>\nMireu la nostra galeria fotogr\u00e0fica:<br \/>\n<a href=\"https:\/\/photos.app.goo.gl\/wk6sVNePDQYzLMkq8\">Galeria fotogr\u00e0fica<\/a><\/p>\n","protected":false},"author":9,"featured_media":4722,"comment_status":"closed","ping_status":"closed","sticky":false,"template":"","format":"standard","meta":{"_bbp_topic_count":0,"_bbp_reply_count":0,"_bbp_total_topic_count":0,"_bbp_total_reply_count":0,"_bbp_voice_count":0,"_bbp_anonymous_reply_count":0,"_bbp_topic_count_hidden":0,"_bbp_reply_count_hidden":0,"_bbp_forum_subforum_count":0,"footnotes":""},"categories":[11,1,4,5],"tags":[],"class_list":["post-4719","post","type-post","status-publish","format-standard","has-post-thumbnail","hentry","category-2n","category-general","category-portada","category-primaria"],"post_mailing_queue_ids":[],"_links":{"self":[{"href":"https:\/\/agora.xtec.cat\/ceip-jrj\/wp-json\/wp\/v2\/posts\/4719","targetHints":{"allow":["GET"]}}],"collection":[{"href":"https:\/\/agora.xtec.cat\/ceip-jrj\/wp-json\/wp\/v2\/posts"}],"about":[{"href":"https:\/\/agora.xtec.cat\/ceip-jrj\/wp-json\/wp\/v2\/types\/post"}],"author":[{"embeddable":true,"href":"https:\/\/agora.xtec.cat\/ceip-jrj\/wp-json\/wp\/v2\/users\/9"}],"replies":[{"embeddable":true,"href":"https:\/\/agora.xtec.cat\/ceip-jrj\/wp-json\/wp\/v2\/comments?post=4719"}],"version-history":[{"count":3,"href":"https:\/\/agora.xtec.cat\/ceip-jrj\/wp-json\/wp\/v2\/posts\/4719\/revisions"}],"predecessor-version":[{"id":5358,"href":"https:\/\/agora.xtec.cat\/ceip-jrj\/wp-json\/wp\/v2\/posts\/4719\/revisions\/5358"}],"wp:featuredmedia":[{"embeddable":true,"href":"https:\/\/agora.xtec.cat\/ceip-jrj\/wp-json\/wp\/v2\/media\/4722"}],"wp:attachment":[{"href":"https:\/\/agora.xtec.cat\/ceip-jrj\/wp-json\/wp\/v2\/media?parent=4719"}],"wp:term":[{"taxonomy":"category","embeddable":true,"href":"https:\/\/agora.xtec.cat\/ceip-jrj\/wp-json\/wp\/v2\/categories?post=4719"},{"taxonomy":"post_tag","embeddable":true,"href":"https:\/\/agora.xtec.cat\/ceip-jrj\/wp-json\/wp\/v2\/tags?post=4719"}],"curies":[{"name":"wp","href":"https:\/\/api.w.org\/{rel}","templated":true}]}}