{"id":4709,"date":"2021-10-30T22:14:26","date_gmt":"2021-10-30T20:14:26","guid":{"rendered":"https:\/\/agora.xtec.cat\/ceip-jrj\/?p=4709"},"modified":"2022-03-23T08:30:28","modified_gmt":"2022-03-23T07:30:28","slug":"castanyada-al-cicle-superior","status":"publish","type":"post","link":"https:\/\/agora.xtec.cat\/ceip-jrj\/general\/castanyada-al-cicle-superior\/","title":{"rendered":"Activitats interdisciplin\u00e0ries de la castanyada i la tardor al cicle superior"},"content":{"rendered":"<p style=\"text-align: center;\">Aquesta setmana les aules de cinqu\u00e8 i sis\u00e8 hem fet activitats de la castanyada i la tardor. Hem fet una manualitat des d&#8217;un tractament globalitzat tractant aspectes de l&#8217;\u00e0mbit de coneixement del medi i l&#8217;\u00e0mbit art\u00edstic. Hem observat els canvis en un arbre a trav\u00e9s de les estacions de l&#8217;any i l&#8217;hem creat. Tamb\u00e9 hem fet activitats de la cultura anglo-saxona.<\/p>\n<p style=\"text-align: center;\">Al divendres a la tarda hem baixat al pati per a celebrar la castanyada i hem gaudit d&#8217;un moment de germanor molt agradable.<\/p>\n<p style=\"text-align: center;\">Ha estat una setmana genial, en qu\u00e8 hem disfrutat molt petits i grans!<\/p>\n<p>Podeu veure imatges clicant al seg\u00fcent enlla\u00e7: <a href=\"https:\/\/photos.app.goo.gl\/94qQzuBE5D923e4z6\">https:\/\/photos.app.goo.gl\/94qQzuBE5D923e4z6<\/a><\/p>\n<p><a href=\"https:\/\/agora.xtec.cat\/ceip-jrj\/wp-content\/uploads\/usu280\/2021\/10\/IMG-20211029-WA0026.jpg\"><img loading=\"lazy\" decoding=\"async\" class=\"alignnone wp-image-4756 size-medium\" src=\"https:\/\/agora.xtec.cat\/ceip-jrj\/wp-content\/uploads\/usu280\/2021\/10\/IMG-20211029-WA0026-300x164.jpg\" alt=\"\" width=\"300\" height=\"164\" srcset=\"https:\/\/agora.xtec.cat\/ceip-jrj\/wp-content\/uploads\/usu280\/2021\/10\/IMG-20211029-WA0026-300x164.jpg 300w, https:\/\/agora.xtec.cat\/ceip-jrj\/wp-content\/uploads\/usu280\/2021\/10\/IMG-20211029-WA0026-768x419.jpg 768w, https:\/\/agora.xtec.cat\/ceip-jrj\/wp-content\/uploads\/usu280\/2021\/10\/IMG-20211029-WA0026.jpg 1024w\" sizes=\"auto, (max-width: 300px) 100vw, 300px\" \/><\/a><\/p>\n<p>&nbsp;<\/p>\n","protected":false},"excerpt":{"rendered":"<p>Aquesta setmana les aules de cinqu\u00e8 i sis\u00e8 hem fet activitats de la castanyada i la tardor. Hem fet una manualitat des d&#8217;un tractament globalitzat tractant aspectes de l&#8217;\u00e0mbit de coneixement del medi i l&#8217;\u00e0mbit art\u00edstic. Hem observat els canvis en un arbre a trav\u00e9s&hellip;  <a href=\"https:\/\/agora.xtec.cat\/ceip-jrj\/general\/castanyada-al-cicle-superior\/\" title=\"Read Activitats interdisciplin\u00e0ries de la castanyada i la tardor al cicle superior\">Llegeix m\u00e9s\u00bb<\/a><\/p>\n","protected":false},"author":14,"featured_media":4710,"comment_status":"closed","ping_status":"closed","sticky":false,"template":"","format":"standard","meta":{"_bbp_topic_count":0,"_bbp_reply_count":0,"_bbp_total_topic_count":0,"_bbp_total_reply_count":0,"_bbp_voice_count":0,"_bbp_anonymous_reply_count":0,"_bbp_topic_count_hidden":0,"_bbp_reply_count_hidden":0,"_bbp_forum_subforum_count":0,"footnotes":""},"categories":[1,4],"tags":[],"class_list":["post-4709","post","type-post","status-publish","format-standard","has-post-thumbnail","hentry","category-general","category-portada"],"post_mailing_queue_ids":[],"_links":{"self":[{"href":"https:\/\/agora.xtec.cat\/ceip-jrj\/wp-json\/wp\/v2\/posts\/4709","targetHints":{"allow":["GET"]}}],"collection":[{"href":"https:\/\/agora.xtec.cat\/ceip-jrj\/wp-json\/wp\/v2\/posts"}],"about":[{"href":"https:\/\/agora.xtec.cat\/ceip-jrj\/wp-json\/wp\/v2\/types\/post"}],"author":[{"embeddable":true,"href":"https:\/\/agora.xtec.cat\/ceip-jrj\/wp-json\/wp\/v2\/users\/14"}],"replies":[{"embeddable":true,"href":"https:\/\/agora.xtec.cat\/ceip-jrj\/wp-json\/wp\/v2\/comments?post=4709"}],"version-history":[{"count":4,"href":"https:\/\/agora.xtec.cat\/ceip-jrj\/wp-json\/wp\/v2\/posts\/4709\/revisions"}],"predecessor-version":[{"id":5371,"href":"https:\/\/agora.xtec.cat\/ceip-jrj\/wp-json\/wp\/v2\/posts\/4709\/revisions\/5371"}],"wp:featuredmedia":[{"embeddable":true,"href":"https:\/\/agora.xtec.cat\/ceip-jrj\/wp-json\/wp\/v2\/media\/4710"}],"wp:attachment":[{"href":"https:\/\/agora.xtec.cat\/ceip-jrj\/wp-json\/wp\/v2\/media?parent=4709"}],"wp:term":[{"taxonomy":"category","embeddable":true,"href":"https:\/\/agora.xtec.cat\/ceip-jrj\/wp-json\/wp\/v2\/categories?post=4709"},{"taxonomy":"post_tag","embeddable":true,"href":"https:\/\/agora.xtec.cat\/ceip-jrj\/wp-json\/wp\/v2\/tags?post=4709"}],"curies":[{"name":"wp","href":"https:\/\/api.w.org\/{rel}","templated":true}]}}