{"id":4691,"date":"2021-10-28T12:38:48","date_gmt":"2021-10-28T10:38:48","guid":{"rendered":"https:\/\/agora.xtec.cat\/ceip-jrj\/?p=4691"},"modified":"2021-11-02T12:38:58","modified_gmt":"2021-11-02T11:38:58","slug":"eleccions-al-consell-escolar","status":"publish","type":"post","link":"https:\/\/agora.xtec.cat\/ceip-jrj\/general\/eleccions-al-consell-escolar\/","title":{"rendered":"Eleccions al consell escolar"},"content":{"rendered":"<p>El consell escolar del centre \u00e9s l&#8217;<strong>\u00f2rgan col\u00b7legiat de participaci\u00f3<\/strong>\u00a0de la comunitat escolar en el govern del centre. En el consell escolar hi ha representats tots els col\u00b7lectius que intervenen en la comunitat educativa: director o directora, professorat, alumnes, personal d&#8217;administraci\u00f3 i serveis, etc.<\/p>\n<p>En els centres p\u00fablics, la funci\u00f3 principal del consell escolar \u00e9s participar en la presa de decisions en relaci\u00f3 amb aquells temes importants per al funcionament i l&#8217;organitzaci\u00f3 del centre: el projecte educatiu, la programaci\u00f3 general, la gesti\u00f3 econ\u00f2mica, etc.<\/p>\n<p>Les fam\u00edlies poden participar de dues maneres:<\/p>\n<div>\n<div class=\"row\">\n<div class=\"col-xs-12 columna_esquerra\">\n<div class=\"cos_bloc basic_text_peq pd-15\">\n<ul>\n<li><strong>Presentant-vos com a candidats o candidates per representar les fam\u00edlies al consell escolar.<\/strong><\/li>\n<li><strong>Participant el dia que el centre convoqui les eleccions votant les candidatures que considereu m\u00e9s representatives.<\/strong><\/li>\n<\/ul>\n<\/div>\n<\/div>\n<div class=\"col-sm-4 columna_destacats\"><\/div>\n<\/div>\n<\/div>\n<div>\n<div class=\"row\">\n<div>\n<div>\n<div class=\"row\">\n<div class=\"col-xs-12 columna_esquerra\">\n<div class=\"cos_bloc basic_text_peq pd-15\">\n<p>L&#8217;equip de professionals dels centres i les fam\u00edlies compartim un objectiu: l&#8217;\u00e8xit social i personal dels fills i de les filles. Les decisions que es prenen al consell escolar s\u00f3n clau per al funcionament i la millora del centre i, per tant, tamb\u00e9 per a l&#8217;\u00e8xit educatiu de tot l&#8217;alumnat. \u00c9s per aquest motiu que la participaci\u00f3 i implicaci\u00f3 dels pares i mares en les eleccions al consell escolar \u00e9s tan important.<\/p>\n<p>Quan les fam\u00edlies participeu en les eleccions, doneu suport al vostre candidat o candidata i hi delegueu la vostra veu i vot. Aix\u00ed feu arribar les vostres opinions i aportacions. Per tant, \u00e9s important que participeu en les eleccions al consell escolar pels motius seg\u00fcents:<\/p>\n<ul>\n<li>Sou els responsables de la formaci\u00f3 dels vostres fills i filles i \u00e9s important tenir una bona representaci\u00f3 al consell escolar que us informi i faci arribar la vostra veu.<\/li>\n<li>Les fam\u00edlies i els equips de docents compartim un mateix objectiu: l&#8217;\u00e8xit acad\u00e8mic, social i personal dels fills i filles. Per aix\u00f2 hem de ser capa\u00e7os de treballar de manera conjunta i decidir a qu\u00e8 ens comprometem per aconseguir-ho.<\/li>\n<li>Les fam\u00edlies teniu el dret de participar de manera democr\u00e0tica en l&#8217;organitzaci\u00f3 del centre. Aquesta \u00e9s una manera de valorar l&#8217;escola i tamb\u00e9 contribu\u00efu que el vostre fill o filla la valori.<\/li>\n<li>L&#8217;\u00e8xit educatiu del vostre fill o filla tamb\u00e9 dep\u00e8n del funcionament i el clima de centre. Implicar-vos en el seguiment i l&#8217;avaluaci\u00f3 d&#8217;aquest funcionament \u00e9s implicar-vos en el seu desenvolupament i creixement personal.<\/li>\n<li>\u00c9s la manera de fer arribar la vostra veu en temes que us poden preocupar, com activitats extraescolars o\u00a0 l&#8217;alimentaci\u00f3 en el menjador escolar.<\/li>\n<li>\u00c9s important tenir una escola oberta a l&#8217;entorn, que col\u00b7labori amb els altres centres i les diferents entitats i que entre tots pugueu fer del vostre municipi, barri o poble un entorn m\u00e9s educatiu i cohesionat. El consell escolar decideix quines han de ser aquestes relacions.<\/li>\n<\/ul>\n<p><strong>ANIMEU-VOS!!!<\/strong><\/p>\n<\/div>\n<\/div>\n<\/div>\n<\/div>\n<\/div>\n<div class=\"col-xs-12 columna_esquerra\"><\/div>\n<\/div>\n<\/div>\n<ol>\n<li><a href=\"https:\/\/drive.google.com\/file\/d\/1PsSSeMek6wJj9aPr48dKNCLUDKE5hh6K\/view?usp=sharing\">CALENDARI D&#8217;ACTUACIONS\u00a0<\/a><\/li>\n<\/ol>\n<p><a href=\"https:\/\/drive.google.com\/file\/d\/1tMSUL2kglHpk7dfNI-3T-T8Q3HIZUqRd\/view?usp=sharing\">2. FUNCIONS DEL CONSELL ESCOLAR<\/a><\/p>\n<p><a href=\"https:\/\/drive.google.com\/file\/d\/1DdYA6QNZ3akKe8BjCjB3cGkpd_Zzeb9D\/view?usp=sharing\">3. INFORMACI\u00d3 PER A LES FAM\u00cdLIES<\/a><\/p>\n<p><a href=\"https:\/\/drive.google.com\/file\/d\/1CI3hqhEgLdCqiyIHHfUgxQtzuS480GfB\/view?usp=sharing\">4. ORIENTACIONS PARES I MARES QUE FORMEN PART DEL CONSELL<\/a><\/p>\n","protected":false},"excerpt":{"rendered":"<p>El consell escolar del centre \u00e9s l&#8217;\u00f2rgan col\u00b7legiat de participaci\u00f3\u00a0de la comunitat escolar en el govern del centre. En el consell escolar hi ha representats tots els col\u00b7lectius que intervenen en la comunitat educativa: director o directora, professorat, alumnes, personal d&#8217;administraci\u00f3 i serveis, etc.<br \/>\nEn els&hellip;  <a href=\"https:\/\/agora.xtec.cat\/ceip-jrj\/general\/eleccions-al-consell-escolar\/\" title=\"Read Eleccions al consell escolar\">Llegeix m\u00e9s\u00bb<\/a><\/p>\n","protected":false},"author":1,"featured_media":0,"comment_status":"closed","ping_status":"closed","sticky":false,"template":"","format":"standard","meta":{"_bbp_topic_count":0,"_bbp_reply_count":0,"_bbp_total_topic_count":0,"_bbp_total_reply_count":0,"_bbp_voice_count":0,"_bbp_anonymous_reply_count":0,"_bbp_topic_count_hidden":0,"_bbp_reply_count_hidden":0,"_bbp_forum_subforum_count":0,"footnotes":""},"categories":[1],"tags":[],"class_list":["post-4691","post","type-post","status-publish","format-standard","hentry","category-general"],"post_mailing_queue_ids":[],"_links":{"self":[{"href":"https:\/\/agora.xtec.cat\/ceip-jrj\/wp-json\/wp\/v2\/posts\/4691","targetHints":{"allow":["GET"]}}],"collection":[{"href":"https:\/\/agora.xtec.cat\/ceip-jrj\/wp-json\/wp\/v2\/posts"}],"about":[{"href":"https:\/\/agora.xtec.cat\/ceip-jrj\/wp-json\/wp\/v2\/types\/post"}],"author":[{"embeddable":true,"href":"https:\/\/agora.xtec.cat\/ceip-jrj\/wp-json\/wp\/v2\/users\/1"}],"replies":[{"embeddable":true,"href":"https:\/\/agora.xtec.cat\/ceip-jrj\/wp-json\/wp\/v2\/comments?post=4691"}],"version-history":[{"count":4,"href":"https:\/\/agora.xtec.cat\/ceip-jrj\/wp-json\/wp\/v2\/posts\/4691\/revisions"}],"predecessor-version":[{"id":4783,"href":"https:\/\/agora.xtec.cat\/ceip-jrj\/wp-json\/wp\/v2\/posts\/4691\/revisions\/4783"}],"wp:attachment":[{"href":"https:\/\/agora.xtec.cat\/ceip-jrj\/wp-json\/wp\/v2\/media?parent=4691"}],"wp:term":[{"taxonomy":"category","embeddable":true,"href":"https:\/\/agora.xtec.cat\/ceip-jrj\/wp-json\/wp\/v2\/categories?post=4691"},{"taxonomy":"post_tag","embeddable":true,"href":"https:\/\/agora.xtec.cat\/ceip-jrj\/wp-json\/wp\/v2\/tags?post=4691"}],"curies":[{"name":"wp","href":"https:\/\/api.w.org\/{rel}","templated":true}]}}