{"id":4499,"date":"2021-06-21T19:41:02","date_gmt":"2021-06-21T17:41:02","guid":{"rendered":"http:\/\/agora.xtec.cat\/ceip-jrj\/?p=4499"},"modified":"2021-06-21T19:46:05","modified_gmt":"2021-06-21T17:46:05","slug":"cerimonia-de-graduacio-alumnat-de-sise-promocio-2012-2021","status":"publish","type":"post","link":"https:\/\/agora.xtec.cat\/ceip-jrj\/general\/cerimonia-de-graduacio-alumnat-de-sise-promocio-2012-2021\/","title":{"rendered":"CERIM\u00d2NIA DE GRADUACI\u00d3. Alumnat de sis\u00e8 &#8211; Promoci\u00f3 2012-2021"},"content":{"rendered":"<p><span style=\"font-weight: 400;\">Avui dilluns 21 de juny les fam\u00edlies de sis\u00e8 han pogut entrar al pati de l&#8217;escola per a compartir amb tots nosaltres la festa de Graduaci\u00f3 de l&#8217;alumnat de sis\u00e8, d&#8217;acord a les mesures i el protocol que el Departament d&#8217;Educaci\u00f3 estableix per a la celebraci\u00f3 amb seguretat en tots els \u00e0mbits. <\/span><\/p>\n<p><span style=\"font-weight: 400;\">Han estat en definitiva 9 anys de moltes experi\u00e8ncies compartides, il\u00b7lusions, alegries, jocs, inquietuds, camps d&#8217;aprenentatge, llagrimetes, somriures, i fins i tot una pand\u00e8mia.<\/span><\/p>\n<p><span style=\"font-weight: 400;\">Tot passa. Tot t\u00e9 el seu recorregut, el seu cam\u00ed, el seu fi i \u00e9s aix\u00ed com tamb\u00e9 el pas de l&#8217;alumnat de la promoci\u00f3 2012-2021 a la nostra escola ha arribat tamb\u00e9 al final. Aquest no \u00e9s pas motiu de tristesa, ja que els finals sempre\u00a0 signifiquen inicis nous, altres aventures i noves il\u00b7lusions.<\/span><\/p>\n<p>Ha estat un acte molt especial i emotiu que sempre recordarem.<\/p>\n<p>ARXIU FOTOGR\u00c0FIC:\u00a0<a href=\"https:\/\/photos.app.goo.gl\/UGTqoL6aRMoH6rcr5\">https:\/\/photos.app.goo.gl\/UGTqoL6aRMoH6rcr5<\/a><\/p>\n<p>&nbsp;<\/p>\n<p>&nbsp;<\/p>\n<p><a href=\"https:\/\/agora.xtec.cat\/ceip-jrj\/wp-content\/uploads\/usu280\/2021\/06\/IMATGE-GRADUACI\u00d3.jpg\"><img loading=\"lazy\" decoding=\"async\" class=\"alignnone size-full wp-image-4500\" src=\"https:\/\/agora.xtec.cat\/ceip-jrj\/wp-content\/uploads\/usu280\/2021\/06\/IMATGE-GRADUACI\u00d3.jpg\" alt=\"\" width=\"225\" height=\"225\" srcset=\"https:\/\/agora.xtec.cat\/ceip-jrj\/wp-content\/uploads\/usu280\/2021\/06\/IMATGE-GRADUACI\u00d3.jpg 225w, https:\/\/agora.xtec.cat\/ceip-jrj\/wp-content\/uploads\/usu280\/2021\/06\/IMATGE-GRADUACI\u00d3-150x150.jpg 150w\" sizes=\"auto, (max-width: 225px) 100vw, 225px\" \/><\/a><\/p>\n<p>&nbsp;<\/p>\n","protected":false},"excerpt":{"rendered":"<p>Avui dilluns 21 de juny les fam\u00edlies de sis\u00e8 han pogut entrar al pati de l&#8217;escola per a compartir amb tots nosaltres la festa de Graduaci\u00f3 de l&#8217;alumnat de sis\u00e8, d&#8217;acord a les mesures i el protocol que el Departament d&#8217;Educaci\u00f3 estableix per a la&hellip;  <a href=\"https:\/\/agora.xtec.cat\/ceip-jrj\/general\/cerimonia-de-graduacio-alumnat-de-sise-promocio-2012-2021\/\" title=\"Read CERIM\u00d2NIA DE GRADUACI\u00d3. Alumnat de sis\u00e8 &#8211; Promoci\u00f3 2012-2021\">Llegeix m\u00e9s\u00bb<\/a><\/p>\n","protected":false},"author":14,"featured_media":4500,"comment_status":"closed","ping_status":"closed","sticky":false,"template":"","format":"standard","meta":{"_bbp_topic_count":0,"_bbp_reply_count":0,"_bbp_total_topic_count":0,"_bbp_total_reply_count":0,"_bbp_voice_count":0,"_bbp_anonymous_reply_count":0,"_bbp_topic_count_hidden":0,"_bbp_reply_count_hidden":0,"_bbp_forum_subforum_count":0,"footnotes":""},"categories":[1,4],"tags":[],"class_list":["post-4499","post","type-post","status-publish","format-standard","has-post-thumbnail","hentry","category-general","category-portada"],"post_mailing_queue_ids":[],"_links":{"self":[{"href":"https:\/\/agora.xtec.cat\/ceip-jrj\/wp-json\/wp\/v2\/posts\/4499","targetHints":{"allow":["GET"]}}],"collection":[{"href":"https:\/\/agora.xtec.cat\/ceip-jrj\/wp-json\/wp\/v2\/posts"}],"about":[{"href":"https:\/\/agora.xtec.cat\/ceip-jrj\/wp-json\/wp\/v2\/types\/post"}],"author":[{"embeddable":true,"href":"https:\/\/agora.xtec.cat\/ceip-jrj\/wp-json\/wp\/v2\/users\/14"}],"replies":[{"embeddable":true,"href":"https:\/\/agora.xtec.cat\/ceip-jrj\/wp-json\/wp\/v2\/comments?post=4499"}],"version-history":[{"count":2,"href":"https:\/\/agora.xtec.cat\/ceip-jrj\/wp-json\/wp\/v2\/posts\/4499\/revisions"}],"predecessor-version":[{"id":4502,"href":"https:\/\/agora.xtec.cat\/ceip-jrj\/wp-json\/wp\/v2\/posts\/4499\/revisions\/4502"}],"wp:featuredmedia":[{"embeddable":true,"href":"https:\/\/agora.xtec.cat\/ceip-jrj\/wp-json\/wp\/v2\/media\/4500"}],"wp:attachment":[{"href":"https:\/\/agora.xtec.cat\/ceip-jrj\/wp-json\/wp\/v2\/media?parent=4499"}],"wp:term":[{"taxonomy":"category","embeddable":true,"href":"https:\/\/agora.xtec.cat\/ceip-jrj\/wp-json\/wp\/v2\/categories?post=4499"},{"taxonomy":"post_tag","embeddable":true,"href":"https:\/\/agora.xtec.cat\/ceip-jrj\/wp-json\/wp\/v2\/tags?post=4499"}],"curies":[{"name":"wp","href":"https:\/\/api.w.org\/{rel}","templated":true}]}}