{"id":4489,"date":"2021-06-20T12:10:24","date_gmt":"2021-06-20T10:10:24","guid":{"rendered":"http:\/\/agora.xtec.cat\/ceip-jrj\/?p=4489"},"modified":"2021-06-20T12:13:36","modified_gmt":"2021-06-20T10:13:36","slug":"deures-destiu-per-lalumnat-de-sise","status":"publish","type":"post","link":"https:\/\/agora.xtec.cat\/ceip-jrj\/general\/deures-destiu-per-lalumnat-de-sise\/","title":{"rendered":"DEURES D&#8217;ESTIU PER A L&#8217;ALUMNAT DE SIS\u00c8"},"content":{"rendered":"<p>Un grup impulsor representant de l&#8217;equip docent de les escoles de prim\u00e0ria i els instituts de secund\u00e0ria de Martorell hem elaborat uns quaderns d&#8217;estiu, que s&#8217;hauran d&#8217;entregar als centres de secund\u00e0ria en comen\u00e7ar les classes al setembre, i en representar\u00e0 un 10% de la nota del primer trimestre.<\/p>\n<p>Clicant als seg\u00fcents enlla\u00e7os podr\u00e0s descarregar i imprimir els deures d&#8217;estiu de 6\u00e8. Tria l&#8217;opci\u00f3 que t&#8217;hagi recomanat el teu mestre\/a a l&#8217;informe d&#8217;avaluaci\u00f3 del tercer trimestre.<\/p>\n<p>\u00c0nims, veureu que s\u00f3n feines del tot refrescants!<\/p>\n<p>CATAL\u00c0<\/p>\n<p><a href=\"https:\/\/drive.google.com\/file\/d\/1edcZT8gBJfkfa1kuA_2mTxLxVtuVBqzI\/view?usp=sharing\">Opci\u00f3 1<\/a><\/p>\n<p><a href=\"https:\/\/drive.google.com\/file\/d\/1EZKWPq-Arm8zG-bt2wYQhKPg9TcUqdeK\/view?usp=sharing\">Opci\u00f3 2<\/a><\/p>\n<p>CASTELL\u00c0<\/p>\n<p><a href=\"https:\/\/drive.google.com\/file\/d\/1UFpDP0rKj-x6DUVfcnmA6DJCn63Pncxs\/view?usp=sharing\">Opci\u00f3 1<\/a><\/p>\n<p><a href=\"https:\/\/drive.google.com\/file\/d\/1aUCHvmX0s8-Naur7NAA-uHQaka6fTMyz\/view?usp=sharing\">Opci\u00f3 2<\/a><\/p>\n<p>ANGL\u00c8S<\/p>\n<p><a href=\"https:\/\/drive.google.com\/file\/d\/1OlChbqC20HOpPgm762rdG1pYYPPr8Ma1\/view?usp=sharing\">Opci\u00f3 1<\/a><\/p>\n<p><a href=\"https:\/\/drive.google.com\/file\/d\/1ws4HZC9AHcaK0XCC1YnnTaGRsUvI1j-z\/view?usp=sharing\">Opci\u00f3 2<\/a><\/p>\n<p>MATEM\u00c0TIQUES<\/p>\n<p><a href=\"https:\/\/drive.google.com\/file\/d\/12qMgm-1GNpCpOFHGzRT95vcs_D2WGGl3\/view?usp=sharing\">Opci\u00f3 1<\/a><\/p>\n<p><a href=\"https:\/\/drive.google.com\/file\/d\/13wmWVsqH1XZY-VV6x6P7VEa_pQtuMrHV\/view?usp=sharing\">Opci\u00f3 2<\/a><a href=\"https:\/\/agora.xtec.cat\/ceip-jrj\/wp-content\/uploads\/usu280\/2021\/06\/IMATGE-DESTACADA.jpg\"><img loading=\"lazy\" decoding=\"async\" class=\"alignnone size-full wp-image-4490\" src=\"https:\/\/agora.xtec.cat\/ceip-jrj\/wp-content\/uploads\/usu280\/2021\/06\/IMATGE-DESTACADA.jpg\" alt=\"\" width=\"225\" height=\"225\" srcset=\"https:\/\/agora.xtec.cat\/ceip-jrj\/wp-content\/uploads\/usu280\/2021\/06\/IMATGE-DESTACADA.jpg 225w, https:\/\/agora.xtec.cat\/ceip-jrj\/wp-content\/uploads\/usu280\/2021\/06\/IMATGE-DESTACADA-150x150.jpg 150w\" sizes=\"auto, (max-width: 225px) 100vw, 225px\" \/><\/a><\/p>\n","protected":false},"excerpt":{"rendered":"<p>Un grup impulsor representant de l&#8217;equip docent de les escoles de prim\u00e0ria i els instituts de secund\u00e0ria de Martorell hem elaborat uns quaderns d&#8217;estiu, que s&#8217;hauran d&#8217;entregar als centres de secund\u00e0ria en comen\u00e7ar les classes al setembre, i en representar\u00e0 un 10% de la nota&hellip;  <a href=\"https:\/\/agora.xtec.cat\/ceip-jrj\/general\/deures-destiu-per-lalumnat-de-sise\/\" title=\"Read DEURES D&#8217;ESTIU PER A L&#8217;ALUMNAT DE SIS\u00c8\">Llegeix m\u00e9s\u00bb<\/a><\/p>\n","protected":false},"author":14,"featured_media":4490,"comment_status":"closed","ping_status":"closed","sticky":false,"template":"","format":"standard","meta":{"_bbp_topic_count":0,"_bbp_reply_count":0,"_bbp_total_topic_count":0,"_bbp_total_reply_count":0,"_bbp_voice_count":0,"_bbp_anonymous_reply_count":0,"_bbp_topic_count_hidden":0,"_bbp_reply_count_hidden":0,"_bbp_forum_subforum_count":0,"footnotes":""},"categories":[1,4],"tags":[],"class_list":["post-4489","post","type-post","status-publish","format-standard","has-post-thumbnail","hentry","category-general","category-portada"],"post_mailing_queue_ids":[],"_links":{"self":[{"href":"https:\/\/agora.xtec.cat\/ceip-jrj\/wp-json\/wp\/v2\/posts\/4489","targetHints":{"allow":["GET"]}}],"collection":[{"href":"https:\/\/agora.xtec.cat\/ceip-jrj\/wp-json\/wp\/v2\/posts"}],"about":[{"href":"https:\/\/agora.xtec.cat\/ceip-jrj\/wp-json\/wp\/v2\/types\/post"}],"author":[{"embeddable":true,"href":"https:\/\/agora.xtec.cat\/ceip-jrj\/wp-json\/wp\/v2\/users\/14"}],"replies":[{"embeddable":true,"href":"https:\/\/agora.xtec.cat\/ceip-jrj\/wp-json\/wp\/v2\/comments?post=4489"}],"version-history":[{"count":2,"href":"https:\/\/agora.xtec.cat\/ceip-jrj\/wp-json\/wp\/v2\/posts\/4489\/revisions"}],"predecessor-version":[{"id":4492,"href":"https:\/\/agora.xtec.cat\/ceip-jrj\/wp-json\/wp\/v2\/posts\/4489\/revisions\/4492"}],"wp:featuredmedia":[{"embeddable":true,"href":"https:\/\/agora.xtec.cat\/ceip-jrj\/wp-json\/wp\/v2\/media\/4490"}],"wp:attachment":[{"href":"https:\/\/agora.xtec.cat\/ceip-jrj\/wp-json\/wp\/v2\/media?parent=4489"}],"wp:term":[{"taxonomy":"category","embeddable":true,"href":"https:\/\/agora.xtec.cat\/ceip-jrj\/wp-json\/wp\/v2\/categories?post=4489"},{"taxonomy":"post_tag","embeddable":true,"href":"https:\/\/agora.xtec.cat\/ceip-jrj\/wp-json\/wp\/v2\/tags?post=4489"}],"curies":[{"name":"wp","href":"https:\/\/api.w.org\/{rel}","templated":true}]}}