{"id":4476,"date":"2021-06-08T10:26:29","date_gmt":"2021-06-08T08:26:29","guid":{"rendered":"http:\/\/agora.xtec.cat\/ceip-jrj\/?p=4476"},"modified":"2022-03-22T18:37:29","modified_gmt":"2022-03-22T17:37:29","slug":"5e-anem-al-cram-no-embrutem-el-nostre-mar","status":"publish","type":"post","link":"https:\/\/agora.xtec.cat\/ceip-jrj\/general\/5e-anem-al-cram-no-embrutem-el-nostre-mar\/","title":{"rendered":"ANEM AL CRAM: No embrutem el nostre mar."},"content":{"rendered":"<p><span style=\"font-weight: 400;\">El divendres 4 de juny els alumnes de cinqu\u00e8 van anar d&#8217;excursi\u00f3 al CRAM. \u00c9s una fundaci\u00f3 privada sense \u00e0nim de lucre dedicada a la protecci\u00f3 del medi mar\u00ed i les esp\u00e8cies que hi habiten.<\/span><\/p>\n<p><span style=\"font-weight: 400;\">L&#8217;alumnat va fer l&#8217;activitat de &#8220;No embrutem el nostre mar&#8221;, realitzant diversos experiments i utilitzant la metodologia cient\u00edfica per comprendre els diferents tipus de contaminaci\u00f3 marina que afecta el nostre mar. Despr\u00e9s els van fer una visita guiada per les instal\u00b7lacions, on van poder veure els animals rescatats (tortugues i aus marines).<\/span><\/p>\n<p><span style=\"font-weight: 400;\">Un cop finalitzada la visita al CRAM van anar a la platja &#8220;La Roberta&#8221;. All\u00e0 van poder gaudir una estona de l&#8217;aigua del mar i la sorra.<\/span><\/p>\n<p><span style=\"font-weight: 400;\">Per acabar la sortida van anar a dinar al &#8220;Parc Nou&#8221; del Prat de Llobregat, on hi havia una zona de p\u00edcnic i van poder dinar a la fresca.<\/span><\/p>\n<p>Per veure m\u00e9s imatges clica:\u00a0<a href=\"https:\/\/photos.app.goo.gl\/DqY7mUZ6K19DddSM6\">https:\/\/photos.app.goo.gl\/DqY7mUZ6K19DddSM6<\/a><\/p>\n","protected":false},"excerpt":{"rendered":"<p>El divendres 4 de juny els alumnes de cinqu\u00e8 van anar d&#8217;excursi\u00f3 al CRAM. \u00c9s una fundaci\u00f3 privada sense \u00e0nim de lucre dedicada a la protecci\u00f3 del medi mar\u00ed i les esp\u00e8cies que hi habiten.<br \/>\nL&#8217;alumnat va fer l&#8217;activitat de &#8220;No embrutem el nostre mar&#8221;, realitzant&hellip;  <a href=\"https:\/\/agora.xtec.cat\/ceip-jrj\/general\/5e-anem-al-cram-no-embrutem-el-nostre-mar\/\" title=\"Read ANEM AL CRAM: No embrutem el nostre mar.\">Llegeix m\u00e9s\u00bb<\/a><\/p>\n","protected":false},"author":14,"featured_media":4477,"comment_status":"closed","ping_status":"closed","sticky":false,"template":"","format":"standard","meta":{"_bbp_topic_count":0,"_bbp_reply_count":0,"_bbp_total_topic_count":0,"_bbp_total_reply_count":0,"_bbp_voice_count":0,"_bbp_anonymous_reply_count":0,"_bbp_topic_count_hidden":0,"_bbp_reply_count_hidden":0,"_bbp_forum_subforum_count":0,"footnotes":""},"categories":[1,4],"tags":[],"class_list":["post-4476","post","type-post","status-publish","format-standard","has-post-thumbnail","hentry","category-general","category-portada"],"post_mailing_queue_ids":[],"_links":{"self":[{"href":"https:\/\/agora.xtec.cat\/ceip-jrj\/wp-json\/wp\/v2\/posts\/4476","targetHints":{"allow":["GET"]}}],"collection":[{"href":"https:\/\/agora.xtec.cat\/ceip-jrj\/wp-json\/wp\/v2\/posts"}],"about":[{"href":"https:\/\/agora.xtec.cat\/ceip-jrj\/wp-json\/wp\/v2\/types\/post"}],"author":[{"embeddable":true,"href":"https:\/\/agora.xtec.cat\/ceip-jrj\/wp-json\/wp\/v2\/users\/14"}],"replies":[{"embeddable":true,"href":"https:\/\/agora.xtec.cat\/ceip-jrj\/wp-json\/wp\/v2\/comments?post=4476"}],"version-history":[{"count":3,"href":"https:\/\/agora.xtec.cat\/ceip-jrj\/wp-json\/wp\/v2\/posts\/4476\/revisions"}],"predecessor-version":[{"id":5366,"href":"https:\/\/agora.xtec.cat\/ceip-jrj\/wp-json\/wp\/v2\/posts\/4476\/revisions\/5366"}],"wp:featuredmedia":[{"embeddable":true,"href":"https:\/\/agora.xtec.cat\/ceip-jrj\/wp-json\/wp\/v2\/media\/4477"}],"wp:attachment":[{"href":"https:\/\/agora.xtec.cat\/ceip-jrj\/wp-json\/wp\/v2\/media?parent=4476"}],"wp:term":[{"taxonomy":"category","embeddable":true,"href":"https:\/\/agora.xtec.cat\/ceip-jrj\/wp-json\/wp\/v2\/categories?post=4476"},{"taxonomy":"post_tag","embeddable":true,"href":"https:\/\/agora.xtec.cat\/ceip-jrj\/wp-json\/wp\/v2\/tags?post=4476"}],"curies":[{"name":"wp","href":"https:\/\/api.w.org\/{rel}","templated":true}]}}