{"id":4465,"date":"2021-06-04T05:34:57","date_gmt":"2021-06-04T03:34:57","guid":{"rendered":"http:\/\/agora.xtec.cat\/ceip-jrj\/?p=4465"},"modified":"2021-06-08T09:40:09","modified_gmt":"2021-06-08T07:40:09","slug":"taller-de-la-motxirreta","status":"publish","type":"post","link":"https:\/\/agora.xtec.cat\/ceip-jrj\/general\/taller-de-la-motxirreta\/","title":{"rendered":"A 5\u00e8 fem el taller de la &#8220;motxirreta&#8221;"},"content":{"rendered":"<p><img loading=\"lazy\" decoding=\"async\" class=\" wp-image-4467 alignleft\" src=\"https:\/\/agora.xtec.cat\/ceip-jrj\/wp-content\/uploads\/usu280\/2021\/06\/motxirretes.png\" alt=\"\" width=\"417\" height=\"274\" srcset=\"https:\/\/agora.xtec.cat\/ceip-jrj\/wp-content\/uploads\/usu280\/2021\/06\/motxirretes.png 780w, https:\/\/agora.xtec.cat\/ceip-jrj\/wp-content\/uploads\/usu280\/2021\/06\/motxirretes-300x197.png 300w, https:\/\/agora.xtec.cat\/ceip-jrj\/wp-content\/uploads\/usu280\/2021\/06\/motxirretes-768x504.png 768w\" sizes=\"auto, (max-width: 417px) 100vw, 417px\" \/><\/p>\n<p style=\"text-align: left;\"><span style=\"font-weight: 400;\">El passat dimecres 2 de juny, l\u2019alumnat de cinqu\u00e8 va realitzar un taller anomenat \u201c<\/span><b><i>La motxirreta<\/i><\/b><span style=\"font-weight: 400;\">\u201d en el qual transformaven una samarreta que ja no feien servir en una motxilla amb cordills.<\/span><\/p>\n<p style=\"text-align: left;\"><span style=\"font-weight: 400;\">En aquest taller es va parlar sobre la import\u00e0ncia de donar un segon \u00fas a la roba usada, fomentant en l\u2019alumnat la reutilitzaci\u00f3 i el reciclatge del residu t\u00e8xtil. Aquestes accions permeten ajudar al medi ambient i la sostenibilitat.\u00a0<\/span><span style=\"font-weight: 400;\">L\u2019activitat es va realitzar juntament amb l&#8217;associaci\u00f3 <a href=\"https:\/\/solidanca.cat\/\">Solidan\u00e7a<\/a> que \u00e9s una entitat sense \u00e0nim de lucre dedicada a la inserci\u00f3 sociolaboral de persones en situaci\u00f3 de vulnerabilitat social. Aquesta associaci\u00f3, ofereix serveis en el sector medioambiental, concretament, en la gesti\u00f3 i valoraci\u00f3 de residus urbans.\u00a0<\/span><\/p>\n<p style=\"text-align: left;\"><span style=\"font-weight: 400;\">Vam gaudir molt elaborant les nostres motxilles!<\/span><\/p>\n<h4 style=\"text-align: center;\"><a href=\"https:\/\/photos.app.goo.gl\/RTHnGKQJyYX4RK2s5\">Reportatge fotogr\u00e0fic<\/a><\/h4>\n<p>&nbsp;<\/p>\n","protected":false},"excerpt":{"rendered":"<p>El passat dimecres 2 de juny, l\u2019alumnat de cinqu\u00e8 va realitzar un taller anomenat \u201cLa motxirreta\u201d en el qual transformaven una samarreta que ja no feien servir en una motxilla amb cordills.<br \/>\nEn aquest taller es va parlar sobre la import\u00e0ncia de donar un segon \u00fas&hellip;  <a href=\"https:\/\/agora.xtec.cat\/ceip-jrj\/general\/taller-de-la-motxirreta\/\" title=\"Read A 5\u00e8 fem el taller de la &#8220;motxirreta&#8221;\">Llegeix m\u00e9s\u00bb<\/a><\/p>\n","protected":false},"author":1,"featured_media":4466,"comment_status":"closed","ping_status":"closed","sticky":false,"template":"","format":"standard","meta":{"_bbp_topic_count":0,"_bbp_reply_count":0,"_bbp_total_topic_count":0,"_bbp_total_reply_count":0,"_bbp_voice_count":0,"_bbp_anonymous_reply_count":0,"_bbp_topic_count_hidden":0,"_bbp_reply_count_hidden":0,"_bbp_forum_subforum_count":0,"footnotes":""},"categories":[1,4,5],"tags":[],"class_list":["post-4465","post","type-post","status-publish","format-standard","has-post-thumbnail","hentry","category-general","category-portada","category-primaria"],"post_mailing_queue_ids":[],"_links":{"self":[{"href":"https:\/\/agora.xtec.cat\/ceip-jrj\/wp-json\/wp\/v2\/posts\/4465","targetHints":{"allow":["GET"]}}],"collection":[{"href":"https:\/\/agora.xtec.cat\/ceip-jrj\/wp-json\/wp\/v2\/posts"}],"about":[{"href":"https:\/\/agora.xtec.cat\/ceip-jrj\/wp-json\/wp\/v2\/types\/post"}],"author":[{"embeddable":true,"href":"https:\/\/agora.xtec.cat\/ceip-jrj\/wp-json\/wp\/v2\/users\/1"}],"replies":[{"embeddable":true,"href":"https:\/\/agora.xtec.cat\/ceip-jrj\/wp-json\/wp\/v2\/comments?post=4465"}],"version-history":[{"count":3,"href":"https:\/\/agora.xtec.cat\/ceip-jrj\/wp-json\/wp\/v2\/posts\/4465\/revisions"}],"predecessor-version":[{"id":4471,"href":"https:\/\/agora.xtec.cat\/ceip-jrj\/wp-json\/wp\/v2\/posts\/4465\/revisions\/4471"}],"wp:featuredmedia":[{"embeddable":true,"href":"https:\/\/agora.xtec.cat\/ceip-jrj\/wp-json\/wp\/v2\/media\/4466"}],"wp:attachment":[{"href":"https:\/\/agora.xtec.cat\/ceip-jrj\/wp-json\/wp\/v2\/media?parent=4465"}],"wp:term":[{"taxonomy":"category","embeddable":true,"href":"https:\/\/agora.xtec.cat\/ceip-jrj\/wp-json\/wp\/v2\/categories?post=4465"},{"taxonomy":"post_tag","embeddable":true,"href":"https:\/\/agora.xtec.cat\/ceip-jrj\/wp-json\/wp\/v2\/tags?post=4465"}],"curies":[{"name":"wp","href":"https:\/\/api.w.org\/{rel}","templated":true}]}}