{"id":4461,"date":"2021-06-02T23:06:07","date_gmt":"2021-06-02T21:06:07","guid":{"rendered":"http:\/\/agora.xtec.cat\/ceip-jrj\/?p=4461"},"modified":"2021-06-02T23:06:07","modified_gmt":"2021-06-02T21:06:07","slug":"sortida-de-p-5-a-begues","status":"publish","type":"post","link":"https:\/\/agora.xtec.cat\/ceip-jrj\/general\/sortida-de-p-5-a-begues\/","title":{"rendered":"SORTIDA DE P-5 A BEGUES"},"content":{"rendered":"<p>Aquest passat dilluns 31 de maig va ser un dia molt especial: els nens i les nenes de P-5 van anar d&#8217;excursi\u00f3 a Begues a la casa de col\u00f2nies Josep Manyanet. En arribar all\u00e0, calia primer de tot, esmorzar per agafar forces i molta energia! Despr\u00e9s van comen\u00e7ar les activitats amb els monitors i les monitores, quin mat\u00ed m\u00e9s divertit jugant i passejant pel bosc!!! R\u00e0pidament es va fer l&#8217;hora de dinar, quina gana, tothom a taula!!! A la tarda va continuar la diversi\u00f3, i quina sorpresa m\u00e9s gran quan els infants van rebre la visita de la Princesa de l&#8217;Erampruny\u00e0!!! Va ser un dia fant\u00e0stic, per\u00f2 si no us ho creieu,<a href=\"https:\/\/photos.app.goo.gl\/oiBGfu21VQxE3jSX9\"> podeu fer clic i veure les imatges dels infants gaudint durant la sortida<\/a>.<\/p>\n","protected":false},"excerpt":{"rendered":"<p>Aquest passat dilluns 31 de maig va ser un dia molt especial: els nens i les nenes de P-5 van anar d&#8217;excursi\u00f3 a Begues a la casa de col\u00f2nies Josep Manyanet. En arribar all\u00e0, calia primer de tot, esmorzar per agafar forces i molta energia!&hellip;  <a href=\"https:\/\/agora.xtec.cat\/ceip-jrj\/general\/sortida-de-p-5-a-begues\/\" title=\"Read SORTIDA DE P-5 A BEGUES\">Llegeix m\u00e9s\u00bb<\/a><\/p>\n","protected":false},"author":1,"featured_media":4462,"comment_status":"closed","ping_status":"closed","sticky":false,"template":"","format":"standard","meta":{"_bbp_topic_count":0,"_bbp_reply_count":0,"_bbp_total_topic_count":0,"_bbp_total_reply_count":0,"_bbp_voice_count":0,"_bbp_anonymous_reply_count":0,"_bbp_topic_count_hidden":0,"_bbp_reply_count_hidden":0,"_bbp_forum_subforum_count":0,"footnotes":""},"categories":[1,2,9,4],"tags":[],"class_list":["post-4461","post","type-post","status-publish","format-standard","has-post-thumbnail","hentry","category-general","category-infantil","category-p5","category-portada"],"post_mailing_queue_ids":[],"_links":{"self":[{"href":"https:\/\/agora.xtec.cat\/ceip-jrj\/wp-json\/wp\/v2\/posts\/4461","targetHints":{"allow":["GET"]}}],"collection":[{"href":"https:\/\/agora.xtec.cat\/ceip-jrj\/wp-json\/wp\/v2\/posts"}],"about":[{"href":"https:\/\/agora.xtec.cat\/ceip-jrj\/wp-json\/wp\/v2\/types\/post"}],"author":[{"embeddable":true,"href":"https:\/\/agora.xtec.cat\/ceip-jrj\/wp-json\/wp\/v2\/users\/1"}],"replies":[{"embeddable":true,"href":"https:\/\/agora.xtec.cat\/ceip-jrj\/wp-json\/wp\/v2\/comments?post=4461"}],"version-history":[{"count":1,"href":"https:\/\/agora.xtec.cat\/ceip-jrj\/wp-json\/wp\/v2\/posts\/4461\/revisions"}],"predecessor-version":[{"id":4463,"href":"https:\/\/agora.xtec.cat\/ceip-jrj\/wp-json\/wp\/v2\/posts\/4461\/revisions\/4463"}],"wp:featuredmedia":[{"embeddable":true,"href":"https:\/\/agora.xtec.cat\/ceip-jrj\/wp-json\/wp\/v2\/media\/4462"}],"wp:attachment":[{"href":"https:\/\/agora.xtec.cat\/ceip-jrj\/wp-json\/wp\/v2\/media?parent=4461"}],"wp:term":[{"taxonomy":"category","embeddable":true,"href":"https:\/\/agora.xtec.cat\/ceip-jrj\/wp-json\/wp\/v2\/categories?post=4461"},{"taxonomy":"post_tag","embeddable":true,"href":"https:\/\/agora.xtec.cat\/ceip-jrj\/wp-json\/wp\/v2\/tags?post=4461"}],"curies":[{"name":"wp","href":"https:\/\/api.w.org\/{rel}","templated":true}]}}