{"id":4411,"date":"2021-05-27T14:50:16","date_gmt":"2021-05-27T12:50:16","guid":{"rendered":"http:\/\/agora.xtec.cat\/ceip-jrj\/?p=4411"},"modified":"2021-05-28T06:14:09","modified_gmt":"2021-05-28T04:14:09","slug":"camins-escolars-segurs","status":"publish","type":"post","link":"https:\/\/agora.xtec.cat\/ceip-jrj\/general\/camins-escolars-segurs\/","title":{"rendered":"CAMINS ESCOLARS SEGURS"},"content":{"rendered":"<h5>Enguany, l&#8217;Ajuntament ens va presentar el projecte dels <strong><em>Camins Escolars Segurs. <\/em><\/strong>Aquest projecte t\u00e9 com a objecte promoure i facilitar que els infants vagin a peu a l&#8217;escola d&#8217;una manera aut\u00f2noma i segura. Cont\u00e9 diferents tipus d&#8217;actuacions en molts ambits. mobilitat, seguretat vi\u00e0ria, divulgaci\u00f3, actuacions educatives, etc. Dins d&#8217;aquest \u00faltim grup, la primera acci\u00f3 que hem fet les escoles \u00e9s participar en un concurs per crear la imatge gr\u00e0fica. Un jurat ha triat l&#8217;obra guanyadora d&#8217;entre totes les escoles.<\/h5>\n<h5>El Juan Ram\u00f3n Jim\u00e9nez ha presentat un dibuix per nivell, seleccionats i triats pel professorat i l&#8217;alumnat de l&#8217;escola. Les obres seleccionades de cada nivell han estat les seg\u00fcents:<\/h5>\n<h5 style=\"font-weight: 400;\">Lucia Moreno Pando \u2013 5PRI<\/h5>\n<h5 style=\"font-weight: 400;\">Adrian Acu\u00f1a Mercado \u2013 1PRI<\/h5>\n<h5 style=\"font-weight: 400;\">D\u00e9bora Vegas Reche \u2013 3PRI<\/h5>\n<h5 style=\"font-weight: 400;\">Arnau G\u00f3mez Rubio \u2013 4PRI<\/h5>\n<h5 style=\"font-weight: 400;\">Unai Bonet Pardo \u2013 2PRI<\/h5>\n<h5 style=\"font-weight: 400;\">Roger Garrido Garcia \u2013 6PRI<\/h5>\n<h5>Malauradament, nom\u00e9s la Lucia ha arribat a ser finalista. Tot i aix\u00ed, agra\u00efm la participaci\u00f3 de l&#8217;alumnat de l&#8217;escola i felicitem als seleccionats de cada nivell.<\/h5>\n<h5>En el seg\u00fcent v\u00eddeo podeu veure la presentaci\u00f3 del projecte per part de l&#8217;Ajuntament i els tres dibuixos guanyadors d&#8217;entre tots els presentats per les diferents escoles del municipi.<\/h5>\n<h3 style=\"text-align: center;\"><strong><a href=\"https:\/\/martorelldigital.cat\/xenia-bague-de-la-merce-guanya-el-concurs-dels-camins-escolars-segurs\/\">VIDEO<\/a><\/strong><\/h3>\n","protected":false},"excerpt":{"rendered":"<p>Enguany, l&#8217;Ajuntament ens va presentar el projecte dels Camins Escolars Segurs. Aquest projecte t\u00e9 com a objecte promoure i facilitar que els infants vagin a peu a l&#8217;escola d&#8217;una manera aut\u00f2noma i segura. Cont\u00e9 diferents tipus d&#8217;actuacions en molts ambits. mobilitat, seguretat vi\u00e0ria, divulgaci\u00f3, actuacions&hellip;  <a href=\"https:\/\/agora.xtec.cat\/ceip-jrj\/general\/camins-escolars-segurs\/\" title=\"Read CAMINS ESCOLARS SEGURS\">Llegeix m\u00e9s\u00bb<\/a><\/p>\n","protected":false},"author":1,"featured_media":4420,"comment_status":"closed","ping_status":"closed","sticky":false,"template":"","format":"standard","meta":{"_bbp_topic_count":0,"_bbp_reply_count":0,"_bbp_total_topic_count":0,"_bbp_total_reply_count":0,"_bbp_voice_count":0,"_bbp_anonymous_reply_count":0,"_bbp_topic_count_hidden":0,"_bbp_reply_count_hidden":0,"_bbp_forum_subforum_count":0,"footnotes":""},"categories":[1,4],"tags":[],"class_list":["post-4411","post","type-post","status-publish","format-standard","has-post-thumbnail","hentry","category-general","category-portada"],"post_mailing_queue_ids":[],"_links":{"self":[{"href":"https:\/\/agora.xtec.cat\/ceip-jrj\/wp-json\/wp\/v2\/posts\/4411","targetHints":{"allow":["GET"]}}],"collection":[{"href":"https:\/\/agora.xtec.cat\/ceip-jrj\/wp-json\/wp\/v2\/posts"}],"about":[{"href":"https:\/\/agora.xtec.cat\/ceip-jrj\/wp-json\/wp\/v2\/types\/post"}],"author":[{"embeddable":true,"href":"https:\/\/agora.xtec.cat\/ceip-jrj\/wp-json\/wp\/v2\/users\/1"}],"replies":[{"embeddable":true,"href":"https:\/\/agora.xtec.cat\/ceip-jrj\/wp-json\/wp\/v2\/comments?post=4411"}],"version-history":[{"count":3,"href":"https:\/\/agora.xtec.cat\/ceip-jrj\/wp-json\/wp\/v2\/posts\/4411\/revisions"}],"predecessor-version":[{"id":4426,"href":"https:\/\/agora.xtec.cat\/ceip-jrj\/wp-json\/wp\/v2\/posts\/4411\/revisions\/4426"}],"wp:featuredmedia":[{"embeddable":true,"href":"https:\/\/agora.xtec.cat\/ceip-jrj\/wp-json\/wp\/v2\/media\/4420"}],"wp:attachment":[{"href":"https:\/\/agora.xtec.cat\/ceip-jrj\/wp-json\/wp\/v2\/media?parent=4411"}],"wp:term":[{"taxonomy":"category","embeddable":true,"href":"https:\/\/agora.xtec.cat\/ceip-jrj\/wp-json\/wp\/v2\/categories?post=4411"},{"taxonomy":"post_tag","embeddable":true,"href":"https:\/\/agora.xtec.cat\/ceip-jrj\/wp-json\/wp\/v2\/tags?post=4411"}],"curies":[{"name":"wp","href":"https:\/\/api.w.org\/{rel}","templated":true}]}}