{"id":4347,"date":"2021-05-11T14:02:27","date_gmt":"2021-05-11T12:02:27","guid":{"rendered":"http:\/\/agora.xtec.cat\/ceip-jrj\/?p=4347"},"modified":"2021-05-26T18:46:55","modified_gmt":"2021-05-26T16:46:55","slug":"campanya-solidaria-2","status":"publish","type":"post","link":"https:\/\/agora.xtec.cat\/ceip-jrj\/general\/campanya-solidaria-2\/","title":{"rendered":"CAMPANYA SOLID\u00c0RIA"},"content":{"rendered":"<h5 style=\"text-align: justify;\">Com cada curs escolar, participem de nou en una campanya solid\u00e0ria, aquest any d&#8217;\u00e0mbit local.<\/h5>\n<h5 style=\"text-align: justify;\">Aprofitant el canvi de temps clim\u00e0tic hem demanat a les fam\u00edlies que aportessin la roba usada a la qual no li tornaran a donar \u00fas.<\/h5>\n<h5 style=\"text-align: justify;\">Des del dia 17 fins el 28 de maig tenim instal\u00b7lades al pati de l&#8217;escola dues g\u00e0bies de recollida de roba on l&#8217;alumnat hi diposita les bosses.<\/h5>\n<h5 style=\"text-align: justify;\">Aquesta campanya ve acompanyada d&#8217;un treball pedag\u00f2gic amb l&#8217;alumnat amb qui reflexionem sobre el que comporta realitzar aquest petit gest.<\/h5>\n<h5 style=\"text-align: justify;\">Aqu\u00ed podeu veure alguns dels v\u00eddeos que han vist, des dels m\u00e9s petits als m\u00e9s grans. <a href=\"https:\/\/youtu.be\/5maJsLEfS60\">VIDEOS<\/a><\/h5>\n<div style=\"text-align: center;\"><iframe loading=\"lazy\" src=\"\/\/www.youtube.com\/embed\/swAMfW4WTu4\" width=\"560\" height=\"315\" frameborder=\"0\"><\/iframe><a href=\"https:\/\/agora.xtec.cat\/ceip-jrj\/wp-content\/uploads\/usu280\/2021\/05\/1621522470186-COLLAGE.jpg\"><img loading=\"lazy\" decoding=\"async\" class=\"aligncenter  wp-image-4409\" src=\"https:\/\/agora.xtec.cat\/ceip-jrj\/wp-content\/uploads\/usu280\/2021\/05\/1621522470186-COLLAGE-1024x1024.jpg\" alt=\"\" width=\"467\" height=\"466\" srcset=\"https:\/\/agora.xtec.cat\/ceip-jrj\/wp-content\/uploads\/usu280\/2021\/05\/1621522470186-COLLAGE-1024x1024.jpg 1024w, https:\/\/agora.xtec.cat\/ceip-jrj\/wp-content\/uploads\/usu280\/2021\/05\/1621522470186-COLLAGE-150x150.jpg 150w, https:\/\/agora.xtec.cat\/ceip-jrj\/wp-content\/uploads\/usu280\/2021\/05\/1621522470186-COLLAGE-300x300.jpg 300w, https:\/\/agora.xtec.cat\/ceip-jrj\/wp-content\/uploads\/usu280\/2021\/05\/1621522470186-COLLAGE-768x768.jpg 768w, https:\/\/agora.xtec.cat\/ceip-jrj\/wp-content\/uploads\/usu280\/2021\/05\/1621522470186-COLLAGE.jpg 1766w\" sizes=\"auto, (max-width: 467px) 100vw, 467px\" \/><\/a><\/div>\n","protected":false},"excerpt":{"rendered":"<p>Com cada curs escolar, participem de nou en una campanya solid\u00e0ria, aquest any d&#8217;\u00e0mbit local.<br \/>\nAprofitant el canvi de temps clim\u00e0tic hem demanat a les fam\u00edlies que aportessin la roba usada a la qual no li tornaran a donar \u00fas.<br \/>\nDes del dia 17 fins el 28&hellip;  <a href=\"https:\/\/agora.xtec.cat\/ceip-jrj\/general\/campanya-solidaria-2\/\" title=\"Read CAMPANYA SOLID\u00c0RIA\">Llegeix m\u00e9s\u00bb<\/a><\/p>\n","protected":false},"author":1,"featured_media":4349,"comment_status":"open","ping_status":"closed","sticky":false,"template":"","format":"standard","meta":{"_bbp_topic_count":0,"_bbp_reply_count":0,"_bbp_total_topic_count":0,"_bbp_total_reply_count":0,"_bbp_voice_count":0,"_bbp_anonymous_reply_count":0,"_bbp_topic_count_hidden":0,"_bbp_reply_count_hidden":0,"_bbp_forum_subforum_count":0,"footnotes":""},"categories":[1,4],"tags":[],"class_list":["post-4347","post","type-post","status-publish","format-standard","has-post-thumbnail","hentry","category-general","category-portada"],"post_mailing_queue_ids":[],"_links":{"self":[{"href":"https:\/\/agora.xtec.cat\/ceip-jrj\/wp-json\/wp\/v2\/posts\/4347","targetHints":{"allow":["GET"]}}],"collection":[{"href":"https:\/\/agora.xtec.cat\/ceip-jrj\/wp-json\/wp\/v2\/posts"}],"about":[{"href":"https:\/\/agora.xtec.cat\/ceip-jrj\/wp-json\/wp\/v2\/types\/post"}],"author":[{"embeddable":true,"href":"https:\/\/agora.xtec.cat\/ceip-jrj\/wp-json\/wp\/v2\/users\/1"}],"replies":[{"embeddable":true,"href":"https:\/\/agora.xtec.cat\/ceip-jrj\/wp-json\/wp\/v2\/comments?post=4347"}],"version-history":[{"count":3,"href":"https:\/\/agora.xtec.cat\/ceip-jrj\/wp-json\/wp\/v2\/posts\/4347\/revisions"}],"predecessor-version":[{"id":4410,"href":"https:\/\/agora.xtec.cat\/ceip-jrj\/wp-json\/wp\/v2\/posts\/4347\/revisions\/4410"}],"wp:featuredmedia":[{"embeddable":true,"href":"https:\/\/agora.xtec.cat\/ceip-jrj\/wp-json\/wp\/v2\/media\/4349"}],"wp:attachment":[{"href":"https:\/\/agora.xtec.cat\/ceip-jrj\/wp-json\/wp\/v2\/media?parent=4347"}],"wp:term":[{"taxonomy":"category","embeddable":true,"href":"https:\/\/agora.xtec.cat\/ceip-jrj\/wp-json\/wp\/v2\/categories?post=4347"},{"taxonomy":"post_tag","embeddable":true,"href":"https:\/\/agora.xtec.cat\/ceip-jrj\/wp-json\/wp\/v2\/tags?post=4347"}],"curies":[{"name":"wp","href":"https:\/\/api.w.org\/{rel}","templated":true}]}}