{"id":4331,"date":"2021-05-11T13:11:02","date_gmt":"2021-05-11T11:11:02","guid":{"rendered":"http:\/\/agora.xtec.cat\/ceip-jrj\/?p=4331"},"modified":"2021-05-25T23:31:35","modified_gmt":"2021-05-25T21:31:35","slug":"xerrada-dinternet-segura-amb-lalumnat-de-sise","status":"publish","type":"post","link":"https:\/\/agora.xtec.cat\/ceip-jrj\/general\/xerrada-dinternet-segura-amb-lalumnat-de-sise\/","title":{"rendered":"Xerrada d&#8217;internet segura amb l&#8217;alumnat de sis\u00e8"},"content":{"rendered":"<h5>Aquesta tarda una agent dels Mossos d&#8217;Esquadra de Martorell ha vingut a l&#8217;escola a fer-nos la xerrada &#8220;Internet segura&#8221; a l&#8217;alumnat de sis\u00e8.<\/h5>\n<h5>Hem reflexionat molt sobre la import\u00e0ncia \u00a0de l&#8217;\u00fas adient i segur de la xarxa internet i sobre la import\u00e0ncia de salvaguardar la nostra privacitat. Hem vist casos de ciberdelinq\u00fc\u00e8ncia i hem apr\u00e8s a com prevenir aquestes situacions i a no formar-ne mai part de les mateixes.<\/h5>\n<h6><\/h6>\n<h6><a href=\"https:\/\/agora.xtec.cat\/ceip-jrj\/wp-content\/uploads\/usu280\/2021\/05\/foto-article-ok.png\"><img loading=\"lazy\" decoding=\"async\" class=\"wp-image-4335 aligncenter\" src=\"https:\/\/agora.xtec.cat\/ceip-jrj\/wp-content\/uploads\/usu280\/2021\/05\/foto-article-ok.png\" alt=\"\" width=\"445\" height=\"442\" srcset=\"https:\/\/agora.xtec.cat\/ceip-jrj\/wp-content\/uploads\/usu280\/2021\/05\/foto-article-ok.png 618w, https:\/\/agora.xtec.cat\/ceip-jrj\/wp-content\/uploads\/usu280\/2021\/05\/foto-article-ok-150x150.png 150w, https:\/\/agora.xtec.cat\/ceip-jrj\/wp-content\/uploads\/usu280\/2021\/05\/foto-article-ok-300x298.png 300w\" sizes=\"auto, (max-width: 445px) 100vw, 445px\" \/><\/a><\/h6>\n","protected":false},"excerpt":{"rendered":"<p>Aquesta tarda una agent dels Mossos d&#8217;Esquadra de Martorell ha vingut a l&#8217;escola a fer-nos la xerrada &#8220;Internet segura&#8221; a l&#8217;alumnat de sis\u00e8.<br \/>\nHem reflexionat molt sobre la import\u00e0ncia \u00a0de l&#8217;\u00fas adient i segur de la xarxa internet i sobre la import\u00e0ncia de salvaguardar la nostra&hellip;  <a href=\"https:\/\/agora.xtec.cat\/ceip-jrj\/general\/xerrada-dinternet-segura-amb-lalumnat-de-sise\/\" title=\"Read Xerrada d&#8217;internet segura amb l&#8217;alumnat de sis\u00e8\">Llegeix m\u00e9s\u00bb<\/a><\/p>\n","protected":false},"author":14,"featured_media":4332,"comment_status":"closed","ping_status":"closed","sticky":false,"template":"","format":"standard","meta":{"_bbp_topic_count":0,"_bbp_reply_count":0,"_bbp_total_topic_count":0,"_bbp_total_reply_count":0,"_bbp_voice_count":0,"_bbp_anonymous_reply_count":0,"_bbp_topic_count_hidden":0,"_bbp_reply_count_hidden":0,"_bbp_forum_subforum_count":0,"footnotes":""},"categories":[1,4],"tags":[],"class_list":["post-4331","post","type-post","status-publish","format-standard","has-post-thumbnail","hentry","category-general","category-portada"],"post_mailing_queue_ids":[],"_links":{"self":[{"href":"https:\/\/agora.xtec.cat\/ceip-jrj\/wp-json\/wp\/v2\/posts\/4331","targetHints":{"allow":["GET"]}}],"collection":[{"href":"https:\/\/agora.xtec.cat\/ceip-jrj\/wp-json\/wp\/v2\/posts"}],"about":[{"href":"https:\/\/agora.xtec.cat\/ceip-jrj\/wp-json\/wp\/v2\/types\/post"}],"author":[{"embeddable":true,"href":"https:\/\/agora.xtec.cat\/ceip-jrj\/wp-json\/wp\/v2\/users\/14"}],"replies":[{"embeddable":true,"href":"https:\/\/agora.xtec.cat\/ceip-jrj\/wp-json\/wp\/v2\/comments?post=4331"}],"version-history":[{"count":4,"href":"https:\/\/agora.xtec.cat\/ceip-jrj\/wp-json\/wp\/v2\/posts\/4331\/revisions"}],"predecessor-version":[{"id":4400,"href":"https:\/\/agora.xtec.cat\/ceip-jrj\/wp-json\/wp\/v2\/posts\/4331\/revisions\/4400"}],"wp:featuredmedia":[{"embeddable":true,"href":"https:\/\/agora.xtec.cat\/ceip-jrj\/wp-json\/wp\/v2\/media\/4332"}],"wp:attachment":[{"href":"https:\/\/agora.xtec.cat\/ceip-jrj\/wp-json\/wp\/v2\/media?parent=4331"}],"wp:term":[{"taxonomy":"category","embeddable":true,"href":"https:\/\/agora.xtec.cat\/ceip-jrj\/wp-json\/wp\/v2\/categories?post=4331"},{"taxonomy":"post_tag","embeddable":true,"href":"https:\/\/agora.xtec.cat\/ceip-jrj\/wp-json\/wp\/v2\/tags?post=4331"}],"curies":[{"name":"wp","href":"https:\/\/api.w.org\/{rel}","templated":true}]}}