{"id":4156,"date":"2021-03-09T13:06:27","date_gmt":"2021-03-09T12:06:27","guid":{"rendered":"http:\/\/agora.xtec.cat\/ceip-jrj\/?p=4156"},"modified":"2021-03-10T15:18:44","modified_gmt":"2021-03-10T14:18:44","slug":"taller-de-la-desigualtat-educacio-per-a-la-transformacio-de-genere","status":"publish","type":"post","link":"https:\/\/agora.xtec.cat\/ceip-jrj\/general\/taller-de-la-desigualtat-educacio-per-a-la-transformacio-de-genere\/","title":{"rendered":"TALLER DE LA DESIGUALTAT &#8220;EDUCACI\u00d3 PER A LA TRANSFORMACI\u00d3 DE G\u00c8NERE&#8221;"},"content":{"rendered":"<p style=\"text-align: justify;\">Avui a les aules de sis\u00e8 hem comptat amb la participaci\u00f3 externa de l\u2019Associaci\u00f3 de Benestar i Desenvolupament ABD, per a continuar treballant la commemoraci\u00f3 de la igualtat de g\u00e8nere en mat\u00e8ria de coeducaci\u00f3 i prevenci\u00f3 de viol\u00e8ncies, vetllant aix\u00ed per a les construccions i relacions \u00f2ptimes socials amb una mirada de respecte, acceptaci\u00f3 i enriquiment.<\/p>\n<p style=\"text-align: justify;\">Ho hem passat molt b\u00e9 i hem reflexionat molt sobre la import\u00e0ncia de la necessitat de continuar fomentant les relacions igualit\u00e0ries i posar en al\u00e7a la visibilitat de la diversitat en g\u00e8nere i la igualtat d\u2019oportunitats per a totes i tots els ciutadans.<\/p>\n<p>&nbsp;<\/p>\n<p><a href=\"https:\/\/agora.xtec.cat\/ceip-jrj\/wp-content\/uploads\/usu280\/2021\/03\/IMG_20210310_094341.jpg\"><img loading=\"lazy\" decoding=\"async\" class=\"size-medium wp-image-4158 aligncenter\" src=\"https:\/\/agora.xtec.cat\/ceip-jrj\/wp-content\/uploads\/usu280\/2021\/03\/IMG_20210310_094341-300x225.jpg\" alt=\"\" width=\"300\" height=\"225\" srcset=\"https:\/\/agora.xtec.cat\/ceip-jrj\/wp-content\/uploads\/usu280\/2021\/03\/IMG_20210310_094341-300x225.jpg 300w, https:\/\/agora.xtec.cat\/ceip-jrj\/wp-content\/uploads\/usu280\/2021\/03\/IMG_20210310_094341-768x576.jpg 768w, https:\/\/agora.xtec.cat\/ceip-jrj\/wp-content\/uploads\/usu280\/2021\/03\/IMG_20210310_094341.jpg 1024w, https:\/\/agora.xtec.cat\/ceip-jrj\/wp-content\/uploads\/usu280\/2021\/03\/IMG_20210310_094341-200x150.jpg 200w\" sizes=\"auto, (max-width: 300px) 100vw, 300px\" \/><\/a><\/p>\n<p><a href=\"https:\/\/agora.xtec.cat\/ceip-jrj\/wp-content\/uploads\/usu280\/2021\/03\/IMG20210310111825.jpg\"><img loading=\"lazy\" decoding=\"async\" class=\"size-medium wp-image-4159 aligncenter\" src=\"https:\/\/agora.xtec.cat\/ceip-jrj\/wp-content\/uploads\/usu280\/2021\/03\/IMG20210310111825-300x225.jpg\" alt=\"\" width=\"300\" height=\"225\" srcset=\"https:\/\/agora.xtec.cat\/ceip-jrj\/wp-content\/uploads\/usu280\/2021\/03\/IMG20210310111825-300x225.jpg 300w, https:\/\/agora.xtec.cat\/ceip-jrj\/wp-content\/uploads\/usu280\/2021\/03\/IMG20210310111825-768x576.jpg 768w, https:\/\/agora.xtec.cat\/ceip-jrj\/wp-content\/uploads\/usu280\/2021\/03\/IMG20210310111825.jpg 1024w, https:\/\/agora.xtec.cat\/ceip-jrj\/wp-content\/uploads\/usu280\/2021\/03\/IMG20210310111825-200x150.jpg 200w\" sizes=\"auto, (max-width: 300px) 100vw, 300px\" \/><\/a><\/p>\n<p><a href=\"https:\/\/agora.xtec.cat\/ceip-jrj\/wp-content\/uploads\/usu280\/2021\/03\/20210310_101238.jpg\"><img loading=\"lazy\" decoding=\"async\" class=\"size-medium wp-image-4157 aligncenter\" src=\"https:\/\/agora.xtec.cat\/ceip-jrj\/wp-content\/uploads\/usu280\/2021\/03\/20210310_101238-300x225.jpg\" alt=\"\" width=\"300\" height=\"225\" srcset=\"https:\/\/agora.xtec.cat\/ceip-jrj\/wp-content\/uploads\/usu280\/2021\/03\/20210310_101238-300x225.jpg 300w, https:\/\/agora.xtec.cat\/ceip-jrj\/wp-content\/uploads\/usu280\/2021\/03\/20210310_101238-768x576.jpg 768w, https:\/\/agora.xtec.cat\/ceip-jrj\/wp-content\/uploads\/usu280\/2021\/03\/20210310_101238.jpg 1024w, https:\/\/agora.xtec.cat\/ceip-jrj\/wp-content\/uploads\/usu280\/2021\/03\/20210310_101238-200x150.jpg 200w\" sizes=\"auto, (max-width: 300px) 100vw, 300px\" \/><\/a><\/p>\n","protected":false},"excerpt":{"rendered":"<p>Avui a les aules de sis\u00e8 hem comptat amb la participaci\u00f3 externa de l\u2019Associaci\u00f3 de Benestar i Desenvolupament ABD, per a continuar treballant la commemoraci\u00f3 de la igualtat de g\u00e8nere en mat\u00e8ria de coeducaci\u00f3 i prevenci\u00f3 de viol\u00e8ncies, vetllant aix\u00ed per a les construccions i&hellip;  <a href=\"https:\/\/agora.xtec.cat\/ceip-jrj\/general\/taller-de-la-desigualtat-educacio-per-a-la-transformacio-de-genere\/\" title=\"Read TALLER DE LA DESIGUALTAT &#8220;EDUCACI\u00d3 PER A LA TRANSFORMACI\u00d3 DE G\u00c8NERE&#8221;\">Llegeix m\u00e9s\u00bb<\/a><\/p>\n","protected":false},"author":1,"featured_media":4157,"comment_status":"closed","ping_status":"closed","sticky":false,"template":"","format":"standard","meta":{"_bbp_topic_count":0,"_bbp_reply_count":0,"_bbp_total_topic_count":0,"_bbp_total_reply_count":0,"_bbp_voice_count":0,"_bbp_anonymous_reply_count":0,"_bbp_topic_count_hidden":0,"_bbp_reply_count_hidden":0,"_bbp_forum_subforum_count":0,"footnotes":""},"categories":[1,4],"tags":[],"class_list":["post-4156","post","type-post","status-publish","format-standard","has-post-thumbnail","hentry","category-general","category-portada"],"post_mailing_queue_ids":[],"_links":{"self":[{"href":"https:\/\/agora.xtec.cat\/ceip-jrj\/wp-json\/wp\/v2\/posts\/4156","targetHints":{"allow":["GET"]}}],"collection":[{"href":"https:\/\/agora.xtec.cat\/ceip-jrj\/wp-json\/wp\/v2\/posts"}],"about":[{"href":"https:\/\/agora.xtec.cat\/ceip-jrj\/wp-json\/wp\/v2\/types\/post"}],"author":[{"embeddable":true,"href":"https:\/\/agora.xtec.cat\/ceip-jrj\/wp-json\/wp\/v2\/users\/1"}],"replies":[{"embeddable":true,"href":"https:\/\/agora.xtec.cat\/ceip-jrj\/wp-json\/wp\/v2\/comments?post=4156"}],"version-history":[{"count":1,"href":"https:\/\/agora.xtec.cat\/ceip-jrj\/wp-json\/wp\/v2\/posts\/4156\/revisions"}],"predecessor-version":[{"id":4160,"href":"https:\/\/agora.xtec.cat\/ceip-jrj\/wp-json\/wp\/v2\/posts\/4156\/revisions\/4160"}],"wp:featuredmedia":[{"embeddable":true,"href":"https:\/\/agora.xtec.cat\/ceip-jrj\/wp-json\/wp\/v2\/media\/4157"}],"wp:attachment":[{"href":"https:\/\/agora.xtec.cat\/ceip-jrj\/wp-json\/wp\/v2\/media?parent=4156"}],"wp:term":[{"taxonomy":"category","embeddable":true,"href":"https:\/\/agora.xtec.cat\/ceip-jrj\/wp-json\/wp\/v2\/categories?post=4156"},{"taxonomy":"post_tag","embeddable":true,"href":"https:\/\/agora.xtec.cat\/ceip-jrj\/wp-json\/wp\/v2\/tags?post=4156"}],"curies":[{"name":"wp","href":"https:\/\/api.w.org\/{rel}","templated":true}]}}