{"id":4136,"date":"2021-03-09T13:05:31","date_gmt":"2021-03-09T12:05:31","guid":{"rendered":"http:\/\/agora.xtec.cat\/ceip-jrj\/?p=4136"},"modified":"2021-03-09T16:03:51","modified_gmt":"2021-03-09T15:03:51","slug":"8m-dia-internacional-de-la-dona-al-cicle-superior","status":"publish","type":"post","link":"https:\/\/agora.xtec.cat\/ceip-jrj\/general\/8m-dia-internacional-de-la-dona-al-cicle-superior\/","title":{"rendered":"8M DIA INTERNACIONAL DE LA DONA AL CICLE SUPERIOR"},"content":{"rendered":"<p style=\"text-align: justify;\"><span style=\"font-weight: 400;\">A la nostra escola treballem per la igualtat de g\u00e8nere i la coeducaci\u00f3 en el dia a dia. Pensem que \u00e9s molt important la nostra tasca com a educadors\/ores per a la conscienciaci\u00f3 \u00f2ptima de que totes i tots som iguals i que disposem de les mateixes oportunitats \u2026\u00a0<\/span><\/p>\n<p style=\"text-align: justify;\"><span style=\"font-weight: 400;\">L\u2019alumnat de cinqu\u00e8 hem vist videos sobre el dia internacional de la dona. Hem apr\u00e8s qu\u00e8 es commemora aquest dia, quin \u00e9s l\u2019origen, dones importants al llarg de la hist\u00f2ria.<\/span><\/p>\n<p style=\"text-align: justify;\"><span style=\"font-weight: 400;\">L \u2019alumnat de sis\u00e8 estem fent un treball de recerca sobre compositores de la m\u00fasica cl\u00e0ssica: Teresa Carre\u00f1o, Amy Beach, Francesca Caccini, Barbara Strozzi, Lili Boulanger\u2026 entre d\u2019altres, des d\u2019un tractament globalitzat i interdisciplinari (\u00e0rea de m\u00fasica, coneixement del medi social natural, social i cultural i l\u2019\u00e0mbit ling\u00fc\u00edstic, l\u2019\u00e0mbit art\u00edstic).\u00a0<\/span><\/p>\n<p style=\"text-align: justify;\"><span style=\"font-weight: 400;\">Entre totes i tots hem extret les nostres pr\u00f2pies reflexions i conclusions, i ens hem adonat que ens cal continuar recorrent cam\u00ed per a anar avan\u00e7ant cap a una societat basada en el respecte, la perspectiva de g\u00e8nere i la igualtat; i alhora confiem plenament que arribar\u00e0 el dia que ja no caldr\u00e0 cap jornada especial per recordar-ho.<\/span><\/p>\n<p style=\"text-align: justify;\"><a href=\"https:\/\/agora.xtec.cat\/ceip-jrj\/wp-content\/uploads\/usu280\/2021\/03\/6A-1.jpg\"><img loading=\"lazy\" decoding=\"async\" class=\"size-medium wp-image-4142 aligncenter\" src=\"https:\/\/agora.xtec.cat\/ceip-jrj\/wp-content\/uploads\/usu280\/2021\/03\/6A-1-300x225.jpg\" alt=\"\" width=\"300\" height=\"225\" srcset=\"https:\/\/agora.xtec.cat\/ceip-jrj\/wp-content\/uploads\/usu280\/2021\/03\/6A-1-300x225.jpg 300w, https:\/\/agora.xtec.cat\/ceip-jrj\/wp-content\/uploads\/usu280\/2021\/03\/6A-1-768x576.jpg 768w, https:\/\/agora.xtec.cat\/ceip-jrj\/wp-content\/uploads\/usu280\/2021\/03\/6A-1.jpg 1024w, https:\/\/agora.xtec.cat\/ceip-jrj\/wp-content\/uploads\/usu280\/2021\/03\/6A-1-200x150.jpg 200w\" sizes=\"auto, (max-width: 300px) 100vw, 300px\" \/><\/a><\/p>\n<p><a href=\"https:\/\/agora.xtec.cat\/ceip-jrj\/wp-content\/uploads\/usu280\/2021\/03\/6B-1.jpg\"><img loading=\"lazy\" decoding=\"async\" class=\"size-medium wp-image-4143 aligncenter\" src=\"https:\/\/agora.xtec.cat\/ceip-jrj\/wp-content\/uploads\/usu280\/2021\/03\/6B-1-300x225.jpg\" alt=\"\" width=\"300\" height=\"225\" srcset=\"https:\/\/agora.xtec.cat\/ceip-jrj\/wp-content\/uploads\/usu280\/2021\/03\/6B-1-300x225.jpg 300w, https:\/\/agora.xtec.cat\/ceip-jrj\/wp-content\/uploads\/usu280\/2021\/03\/6B-1-768x576.jpg 768w, https:\/\/agora.xtec.cat\/ceip-jrj\/wp-content\/uploads\/usu280\/2021\/03\/6B-1.jpg 1024w, https:\/\/agora.xtec.cat\/ceip-jrj\/wp-content\/uploads\/usu280\/2021\/03\/6B-1-200x150.jpg 200w\" sizes=\"auto, (max-width: 300px) 100vw, 300px\" \/><\/a><\/p>\n<p><a href=\"https:\/\/agora.xtec.cat\/ceip-jrj\/wp-content\/uploads\/usu280\/2021\/03\/6C.jpg\"><img loading=\"lazy\" decoding=\"async\" class=\"size-medium wp-image-4154 aligncenter\" src=\"https:\/\/agora.xtec.cat\/ceip-jrj\/wp-content\/uploads\/usu280\/2021\/03\/6C-300x225.jpg\" alt=\"\" width=\"300\" height=\"225\" srcset=\"https:\/\/agora.xtec.cat\/ceip-jrj\/wp-content\/uploads\/usu280\/2021\/03\/6C-300x225.jpg 300w, https:\/\/agora.xtec.cat\/ceip-jrj\/wp-content\/uploads\/usu280\/2021\/03\/6C-768x576.jpg 768w, https:\/\/agora.xtec.cat\/ceip-jrj\/wp-content\/uploads\/usu280\/2021\/03\/6C.jpg 1024w, https:\/\/agora.xtec.cat\/ceip-jrj\/wp-content\/uploads\/usu280\/2021\/03\/6C-200x150.jpg 200w\" sizes=\"auto, (max-width: 300px) 100vw, 300px\" \/><\/a><\/p>\n<p><a href=\"https:\/\/agora.xtec.cat\/ceip-jrj\/wp-content\/uploads\/usu280\/2021\/03\/IMG_20210309_150122820_HDR.jpg\"><img loading=\"lazy\" decoding=\"async\" class=\"size-medium wp-image-4149 aligncenter\" src=\"https:\/\/agora.xtec.cat\/ceip-jrj\/wp-content\/uploads\/usu280\/2021\/03\/IMG_20210309_150122820_HDR-300x225.jpg\" alt=\"\" width=\"300\" height=\"225\" srcset=\"https:\/\/agora.xtec.cat\/ceip-jrj\/wp-content\/uploads\/usu280\/2021\/03\/IMG_20210309_150122820_HDR-300x225.jpg 300w, https:\/\/agora.xtec.cat\/ceip-jrj\/wp-content\/uploads\/usu280\/2021\/03\/IMG_20210309_150122820_HDR-768x576.jpg 768w, https:\/\/agora.xtec.cat\/ceip-jrj\/wp-content\/uploads\/usu280\/2021\/03\/IMG_20210309_150122820_HDR.jpg 1024w, https:\/\/agora.xtec.cat\/ceip-jrj\/wp-content\/uploads\/usu280\/2021\/03\/IMG_20210309_150122820_HDR-200x150.jpg 200w\" sizes=\"auto, (max-width: 300px) 100vw, 300px\" \/><\/a><\/p>\n<p><a href=\"https:\/\/agora.xtec.cat\/ceip-jrj\/wp-content\/uploads\/usu280\/2021\/03\/IMG-20210309-WA0004.jpg\"><img loading=\"lazy\" decoding=\"async\" class=\"size-medium wp-image-4151 aligncenter\" src=\"https:\/\/agora.xtec.cat\/ceip-jrj\/wp-content\/uploads\/usu280\/2021\/03\/IMG-20210309-WA0004-300x225.jpg\" alt=\"\" width=\"300\" height=\"225\" srcset=\"https:\/\/agora.xtec.cat\/ceip-jrj\/wp-content\/uploads\/usu280\/2021\/03\/IMG-20210309-WA0004-300x225.jpg 300w, https:\/\/agora.xtec.cat\/ceip-jrj\/wp-content\/uploads\/usu280\/2021\/03\/IMG-20210309-WA0004-768x576.jpg 768w, https:\/\/agora.xtec.cat\/ceip-jrj\/wp-content\/uploads\/usu280\/2021\/03\/IMG-20210309-WA0004.jpg 1024w, https:\/\/agora.xtec.cat\/ceip-jrj\/wp-content\/uploads\/usu280\/2021\/03\/IMG-20210309-WA0004-200x150.jpg 200w\" sizes=\"auto, (max-width: 300px) 100vw, 300px\" \/><\/a><\/p>\n<p><a href=\"https:\/\/agora.xtec.cat\/ceip-jrj\/wp-content\/uploads\/usu280\/2021\/03\/5C.jpg\"><img loading=\"lazy\" decoding=\"async\" class=\"size-medium wp-image-4153 aligncenter\" src=\"https:\/\/agora.xtec.cat\/ceip-jrj\/wp-content\/uploads\/usu280\/2021\/03\/5C-225x300.jpg\" alt=\"\" width=\"225\" height=\"300\" srcset=\"https:\/\/agora.xtec.cat\/ceip-jrj\/wp-content\/uploads\/usu280\/2021\/03\/5C-225x300.jpg 225w, https:\/\/agora.xtec.cat\/ceip-jrj\/wp-content\/uploads\/usu280\/2021\/03\/5C.jpg 768w\" sizes=\"auto, (max-width: 225px) 100vw, 225px\" \/><\/a><\/p>\n<p><a href=\"https:\/\/agora.xtec.cat\/ceip-jrj\/wp-content\/uploads\/usu280\/2021\/03\/gandr-1615291554542-1.jpg\"><img loading=\"lazy\" decoding=\"async\" class=\"size-medium wp-image-4144 aligncenter\" src=\"https:\/\/agora.xtec.cat\/ceip-jrj\/wp-content\/uploads\/usu280\/2021\/03\/gandr-1615291554542-1-300x250.jpg\" alt=\"\" width=\"300\" height=\"250\" srcset=\"https:\/\/agora.xtec.cat\/ceip-jrj\/wp-content\/uploads\/usu280\/2021\/03\/gandr-1615291554542-1-300x250.jpg 300w, https:\/\/agora.xtec.cat\/ceip-jrj\/wp-content\/uploads\/usu280\/2021\/03\/gandr-1615291554542-1-768x640.jpg 768w, https:\/\/agora.xtec.cat\/ceip-jrj\/wp-content\/uploads\/usu280\/2021\/03\/gandr-1615291554542-1.jpg 922w\" sizes=\"auto, (max-width: 300px) 100vw, 300px\" \/><\/a><\/p>\n<p>Podeu veure m\u00e9s fotografies <a href=\"https:\/\/photos.app.goo.gl\/GTmmPddhrtshkGaNA\">clicant aqu\u00ed<\/a>.<\/p>\n","protected":false},"excerpt":{"rendered":"<p>A la nostra escola treballem per la igualtat de g\u00e8nere i la coeducaci\u00f3 en el dia a dia. Pensem que \u00e9s molt important la nostra tasca com a educadors\/ores per a la conscienciaci\u00f3 \u00f2ptima de que totes i tots som iguals i que disposem de&hellip;  <a href=\"https:\/\/agora.xtec.cat\/ceip-jrj\/general\/8m-dia-internacional-de-la-dona-al-cicle-superior\/\" title=\"Read 8M DIA INTERNACIONAL DE LA DONA AL CICLE SUPERIOR\">Llegeix m\u00e9s\u00bb<\/a><\/p>\n","protected":false},"author":1,"featured_media":4138,"comment_status":"closed","ping_status":"closed","sticky":false,"template":"","format":"standard","meta":{"_bbp_topic_count":0,"_bbp_reply_count":0,"_bbp_total_topic_count":0,"_bbp_total_reply_count":0,"_bbp_voice_count":0,"_bbp_anonymous_reply_count":0,"_bbp_topic_count_hidden":0,"_bbp_reply_count_hidden":0,"_bbp_forum_subforum_count":0,"footnotes":""},"categories":[1,4],"tags":[],"class_list":["post-4136","post","type-post","status-publish","format-standard","has-post-thumbnail","hentry","category-general","category-portada"],"post_mailing_queue_ids":[],"_links":{"self":[{"href":"https:\/\/agora.xtec.cat\/ceip-jrj\/wp-json\/wp\/v2\/posts\/4136","targetHints":{"allow":["GET"]}}],"collection":[{"href":"https:\/\/agora.xtec.cat\/ceip-jrj\/wp-json\/wp\/v2\/posts"}],"about":[{"href":"https:\/\/agora.xtec.cat\/ceip-jrj\/wp-json\/wp\/v2\/types\/post"}],"author":[{"embeddable":true,"href":"https:\/\/agora.xtec.cat\/ceip-jrj\/wp-json\/wp\/v2\/users\/1"}],"replies":[{"embeddable":true,"href":"https:\/\/agora.xtec.cat\/ceip-jrj\/wp-json\/wp\/v2\/comments?post=4136"}],"version-history":[{"count":4,"href":"https:\/\/agora.xtec.cat\/ceip-jrj\/wp-json\/wp\/v2\/posts\/4136\/revisions"}],"predecessor-version":[{"id":4155,"href":"https:\/\/agora.xtec.cat\/ceip-jrj\/wp-json\/wp\/v2\/posts\/4136\/revisions\/4155"}],"wp:featuredmedia":[{"embeddable":true,"href":"https:\/\/agora.xtec.cat\/ceip-jrj\/wp-json\/wp\/v2\/media\/4138"}],"wp:attachment":[{"href":"https:\/\/agora.xtec.cat\/ceip-jrj\/wp-json\/wp\/v2\/media?parent=4136"}],"wp:term":[{"taxonomy":"category","embeddable":true,"href":"https:\/\/agora.xtec.cat\/ceip-jrj\/wp-json\/wp\/v2\/categories?post=4136"},{"taxonomy":"post_tag","embeddable":true,"href":"https:\/\/agora.xtec.cat\/ceip-jrj\/wp-json\/wp\/v2\/tags?post=4136"}],"curies":[{"name":"wp","href":"https:\/\/api.w.org\/{rel}","templated":true}]}}