{"id":4126,"date":"2021-02-26T18:00:42","date_gmt":"2021-02-26T17:00:42","guid":{"rendered":"http:\/\/agora.xtec.cat\/ceip-jrj\/?p=4126"},"modified":"2021-03-08T09:44:08","modified_gmt":"2021-03-08T08:44:08","slug":"quin-temps-fa","status":"publish","type":"post","link":"https:\/\/agora.xtec.cat\/ceip-jrj\/general\/quin-temps-fa\/","title":{"rendered":"QUIN TEMPS FA?"},"content":{"rendered":"<p>Els passats 3 i 4 de mar\u00e7 l&#8217;alumnat de tercer va realitzar al centre l\u2019activitat de meteorologia <a href=\"https:\/\/serveiseducatius.xtec.cat\/cda-cansantoi\/ambits\/meteorologi\/quin-temps-fa\/\" target=\"_blank\" rel=\"noopener noreferrer\">Quin temps fa? <\/a>a c\u00e0rrec del Camp d\u2019Aprenentatge Can Santoi. L&#8217;objectiu d&#8217;aquesta proposta ha sigut con\u00e8ixer el funcionament dels aparells de meteorologia m\u00e9s b\u00e0sics (term\u00f2metres, anem\u00f2metre, penell, pluvi\u00f2metre) a trav\u00e9s d&#8217;una gimcana. Tanmateix, experimentar la predicci\u00f3 del temps per al dia seg\u00fcent, a partir del mapa de s\u00edmbols del temps previst, i la realitzaci\u00f3 d\u2019un espai informatiu del temps en circuit tancat de televisi\u00f3.<\/p>\n<p>El Camp d\u2019Aprenentatge Can Santoi ens ha dedicat uns articles al seu blog de la seva visita al nostre centre:<\/p>\n<blockquote class=\"wp-embedded-content\" data-secret=\"pqgTjTWRki\"><p><a href=\"https:\/\/serveiseducatius.xtec.cat\/cda-cansantoi\/general\/gaudim-amb-la-meteorologia-4\/\">Gaudim amb la meteorologia<\/a><\/p><\/blockquote>\n<p><iframe loading=\"lazy\" class=\"wp-embedded-content\" sandbox=\"allow-scripts\" security=\"restricted\" style=\"position: absolute; clip: rect(1px, 1px, 1px, 1px);\" title=\"&#8220;Gaudim amb la meteorologia&#8221; &#8212; CdA Can Santoi\" src=\"https:\/\/serveiseducatius.xtec.cat\/cda-cansantoi\/general\/gaudim-amb-la-meteorologia-4\/embed\/#?secret=CCySCPX8em#?secret=pqgTjTWRki\" data-secret=\"pqgTjTWRki\" width=\"500\" height=\"282\" frameborder=\"0\" marginwidth=\"0\" marginheight=\"0\" scrolling=\"no\"><\/iframe><\/p>\n<blockquote class=\"wp-embedded-content\" data-secret=\"LC10Xe3UQz\"><p><a href=\"https:\/\/serveiseducatius.xtec.cat\/cda-cansantoi\/general\/descobrim-tots-els-secrets-de-la-meteorologia\/\">Descobrim tots els secrets de la meteorologia<\/a><\/p><\/blockquote>\n<p><iframe loading=\"lazy\" class=\"wp-embedded-content\" sandbox=\"allow-scripts\" security=\"restricted\" style=\"position: absolute; clip: rect(1px, 1px, 1px, 1px);\" title=\"&#8220;Descobrim tots els secrets de la meteorologia&#8221; &#8212; CdA Can Santoi\" src=\"https:\/\/serveiseducatius.xtec.cat\/cda-cansantoi\/general\/descobrim-tots-els-secrets-de-la-meteorologia\/embed\/#?secret=57Q7c4PzHf#?secret=LC10Xe3UQz\" data-secret=\"LC10Xe3UQz\" width=\"500\" height=\"282\" frameborder=\"0\" marginwidth=\"0\" marginheight=\"0\" scrolling=\"no\"><\/iframe><\/p>\n<p>Voleu veure com va ser la nostra experi\u00e8ncia? Feu clic <a href=\"https:\/\/photos.app.goo.gl\/hDadLbQ8m1njjwcCA\">aqu\u00ed<\/a><\/p>\n","protected":false},"excerpt":{"rendered":"<p>Els passats 3 i 4 de mar\u00e7 l&#8217;alumnat de tercer va realitzar al centre l\u2019activitat de meteorologia <a href=\"https:\/\/serveiseducatius.xtec.cat\/cda-cansantoi\/ambits\/meteorologi\/quin-temps-fa\/\" target=\"_blank\" rel=\"noopener noreferrer\">Quin temps fa? <\/a>a c\u00e0rrec del Camp d\u2019Aprenentatge Can Santoi. L&#8217;objectiu d&#8217;aquesta proposta ha sigut con\u00e8ixer el funcionament dels aparells de meteorologia m\u00e9s b\u00e0sics&hellip;  <a href=\"https:\/\/agora.xtec.cat\/ceip-jrj\/general\/quin-temps-fa\/\" title=\"Read QUIN TEMPS FA?\">Llegeix m\u00e9s\u00bb<\/a><\/p>\n","protected":false},"author":1,"featured_media":4128,"comment_status":"closed","ping_status":"closed","sticky":false,"template":"","format":"standard","meta":{"_bbp_topic_count":0,"_bbp_reply_count":0,"_bbp_total_topic_count":0,"_bbp_total_reply_count":0,"_bbp_voice_count":0,"_bbp_anonymous_reply_count":0,"_bbp_topic_count_hidden":0,"_bbp_reply_count_hidden":0,"_bbp_forum_subforum_count":0,"footnotes":""},"categories":[1,4],"tags":[],"class_list":["post-4126","post","type-post","status-publish","format-standard","has-post-thumbnail","hentry","category-general","category-portada"],"post_mailing_queue_ids":[],"_links":{"self":[{"href":"https:\/\/agora.xtec.cat\/ceip-jrj\/wp-json\/wp\/v2\/posts\/4126","targetHints":{"allow":["GET"]}}],"collection":[{"href":"https:\/\/agora.xtec.cat\/ceip-jrj\/wp-json\/wp\/v2\/posts"}],"about":[{"href":"https:\/\/agora.xtec.cat\/ceip-jrj\/wp-json\/wp\/v2\/types\/post"}],"author":[{"embeddable":true,"href":"https:\/\/agora.xtec.cat\/ceip-jrj\/wp-json\/wp\/v2\/users\/1"}],"replies":[{"embeddable":true,"href":"https:\/\/agora.xtec.cat\/ceip-jrj\/wp-json\/wp\/v2\/comments?post=4126"}],"version-history":[{"count":1,"href":"https:\/\/agora.xtec.cat\/ceip-jrj\/wp-json\/wp\/v2\/posts\/4126\/revisions"}],"predecessor-version":[{"id":4129,"href":"https:\/\/agora.xtec.cat\/ceip-jrj\/wp-json\/wp\/v2\/posts\/4126\/revisions\/4129"}],"wp:featuredmedia":[{"embeddable":true,"href":"https:\/\/agora.xtec.cat\/ceip-jrj\/wp-json\/wp\/v2\/media\/4128"}],"wp:attachment":[{"href":"https:\/\/agora.xtec.cat\/ceip-jrj\/wp-json\/wp\/v2\/media?parent=4126"}],"wp:term":[{"taxonomy":"category","embeddable":true,"href":"https:\/\/agora.xtec.cat\/ceip-jrj\/wp-json\/wp\/v2\/categories?post=4126"},{"taxonomy":"post_tag","embeddable":true,"href":"https:\/\/agora.xtec.cat\/ceip-jrj\/wp-json\/wp\/v2\/tags?post=4126"}],"curies":[{"name":"wp","href":"https:\/\/api.w.org\/{rel}","templated":true}]}}