{"id":4030,"date":"2021-02-15T17:56:24","date_gmt":"2021-02-15T16:56:24","guid":{"rendered":"http:\/\/agora.xtec.cat\/ceip-jrj\/?p=4030"},"modified":"2021-02-17T19:20:11","modified_gmt":"2021-02-17T18:20:11","slug":"carnaval-a-infantil-2","status":"publish","type":"post","link":"https:\/\/agora.xtec.cat\/ceip-jrj\/general\/carnaval-a-infantil-2\/","title":{"rendered":"CARNAVAL A INFANTIL"},"content":{"rendered":"<p>Ara arriba el Carnestoltes,<\/p>\n<p>tots sortim a passejar,<\/p>\n<p>ens posem una disfressa,<\/p>\n<p>per saltar, cantar i ballar.<\/p>\n<p>Quina setmana m\u00e9s esbojarrada que hem tingut a l&#8217;escola!!! Des que va arribar el Rei Carnestoltes el divendres 5 de febrer, no vam parar de riure i de fer gresca. Cada dia de la setmana hav\u00edem de seguir les consignes del fons del mar i el divendres 12 a la tarda ens ho vam passar d&#8217;all\u00f2 m\u00e9s b\u00e9 fent festa grossa. Tots i totes amb una disfressa no vam parar de ballar i de fer xerinola. Si voleu veure per un foradet com ens ho vam passar de b\u00e9, <a href=\"https:\/\/photos.app.goo.gl\/ayu1VtmWJoffowQv5\">cliqueu aqu\u00ed i a gaudir!!!<\/a><\/p>\n","protected":false},"excerpt":{"rendered":"<p>Ara arriba el Carnestoltes,<br \/>\ntots sortim a passejar,<br \/>\nens posem una disfressa,<br \/>\nper saltar, cantar i ballar.<br \/>\nQuina setmana m\u00e9s esbojarrada que hem tingut a l&#8217;escola!!! Des que va arribar el Rei Carnestoltes el divendres 5 de febrer, no vam parar de riure i de fer gresca. Cada dia&hellip;  <a href=\"https:\/\/agora.xtec.cat\/ceip-jrj\/general\/carnaval-a-infantil-2\/\" title=\"Read CARNAVAL A INFANTIL\">Llegeix m\u00e9s\u00bb<\/a><\/p>\n","protected":false},"author":1,"featured_media":4031,"comment_status":"closed","ping_status":"closed","sticky":false,"template":"","format":"standard","meta":{"_bbp_topic_count":0,"_bbp_reply_count":0,"_bbp_total_topic_count":0,"_bbp_total_reply_count":0,"_bbp_voice_count":0,"_bbp_anonymous_reply_count":0,"_bbp_topic_count_hidden":0,"_bbp_reply_count_hidden":0,"_bbp_forum_subforum_count":0,"footnotes":""},"categories":[1,2,4],"tags":[],"class_list":["post-4030","post","type-post","status-publish","format-standard","has-post-thumbnail","hentry","category-general","category-infantil","category-portada"],"post_mailing_queue_ids":[],"_links":{"self":[{"href":"https:\/\/agora.xtec.cat\/ceip-jrj\/wp-json\/wp\/v2\/posts\/4030","targetHints":{"allow":["GET"]}}],"collection":[{"href":"https:\/\/agora.xtec.cat\/ceip-jrj\/wp-json\/wp\/v2\/posts"}],"about":[{"href":"https:\/\/agora.xtec.cat\/ceip-jrj\/wp-json\/wp\/v2\/types\/post"}],"author":[{"embeddable":true,"href":"https:\/\/agora.xtec.cat\/ceip-jrj\/wp-json\/wp\/v2\/users\/1"}],"replies":[{"embeddable":true,"href":"https:\/\/agora.xtec.cat\/ceip-jrj\/wp-json\/wp\/v2\/comments?post=4030"}],"version-history":[{"count":2,"href":"https:\/\/agora.xtec.cat\/ceip-jrj\/wp-json\/wp\/v2\/posts\/4030\/revisions"}],"predecessor-version":[{"id":4034,"href":"https:\/\/agora.xtec.cat\/ceip-jrj\/wp-json\/wp\/v2\/posts\/4030\/revisions\/4034"}],"wp:featuredmedia":[{"embeddable":true,"href":"https:\/\/agora.xtec.cat\/ceip-jrj\/wp-json\/wp\/v2\/media\/4031"}],"wp:attachment":[{"href":"https:\/\/agora.xtec.cat\/ceip-jrj\/wp-json\/wp\/v2\/media?parent=4030"}],"wp:term":[{"taxonomy":"category","embeddable":true,"href":"https:\/\/agora.xtec.cat\/ceip-jrj\/wp-json\/wp\/v2\/categories?post=4030"},{"taxonomy":"post_tag","embeddable":true,"href":"https:\/\/agora.xtec.cat\/ceip-jrj\/wp-json\/wp\/v2\/tags?post=4030"}],"curies":[{"name":"wp","href":"https:\/\/api.w.org\/{rel}","templated":true}]}}