{"id":3960,"date":"2021-02-04T20:03:16","date_gmt":"2021-02-04T19:03:16","guid":{"rendered":"http:\/\/agora.xtec.cat\/ceip-jrj\/?p=3960"},"modified":"2021-02-05T20:05:49","modified_gmt":"2021-02-05T19:05:49","slug":"participacio-al-18e-premi-pilarin-bayes","status":"publish","type":"post","link":"https:\/\/agora.xtec.cat\/ceip-jrj\/portada\/participacio-al-18e-premi-pilarin-bayes\/","title":{"rendered":"PARTICIPACI\u00d3 al 18\u00e8 premi Pilar\u00edn Bay\u00e9s"},"content":{"rendered":"<div>A cada curs escolar participem en diferents concursos (Lectura en veu alta, Congr\u00e9s de Ci\u00e8ncia&#8230;) L&#8217;objectiu no \u00e9s guanyar, tot i que si aix\u00f2 passa ens agradar\u00e0 molt. La participaci\u00f3 fa que ens engresquem en un projecte, ens esforcem i aprenem molt i aix\u00f2 s\u00ed que \u00e9s l&#8217;objectiu.\u00a0 Aquest any hem participat al premi Pilar\u00edn Bay\u00e8s. Els contes que es presenten cada any per aquest premi han de tractar una tem\u00e0tica determinada. Aquest any la tem\u00e0tica dels contes havia de versar sobre el confinament.<\/div>\n<div>Els delegats i les delegades de les aules de prim\u00e0ria van fer arribar aquesta informaci\u00f3 a les seves classes i cada nivell a participat amb un conte.<\/div>\n<div>L&#8217;alumnat de cicle inicial i mitj\u00e0 ha escrit un sol conte entre tota la classe, fent una participaci\u00f3 grupal. En canvi, cada alumne de cicle superior ha escrit un conte; els contes m\u00e9s votats a cada aula de 5\u00e8 i 6\u00e8 s\u00f3n els que s&#8217;han seleccionat per participar al concurs.<\/div>\n<div>Ara ja nom\u00e9s queda esperar i veure si algun dels escrits t\u00e9 premi.<\/div>\n<div>Els guanyadors s&#8217;anunciaran el dia 23 d&#8217;abril en directe a Els matins de TV3.<\/div>\n","protected":false},"excerpt":{"rendered":"<p>A cada curs escolar participem en diferents concursos (Lectura en veu alta, Congr\u00e9s de Ci\u00e8ncia&#8230;) L&#8217;objectiu no \u00e9s guanyar, tot i que si aix\u00f2 passa ens agradar\u00e0 molt. La participaci\u00f3 fa que ens engresquem en un projecte, ens esforcem i aprenem molt i aix\u00f2 s\u00ed&hellip;  <a href=\"https:\/\/agora.xtec.cat\/ceip-jrj\/portada\/participacio-al-18e-premi-pilarin-bayes\/\" title=\"Read PARTICIPACI\u00d3 al 18\u00e8 premi Pilar\u00edn Bay\u00e9s\">Llegeix m\u00e9s\u00bb<\/a><\/p>\n","protected":false},"author":1,"featured_media":3961,"comment_status":"open","ping_status":"closed","sticky":false,"template":"","format":"standard","meta":{"_bbp_topic_count":0,"_bbp_reply_count":0,"_bbp_total_topic_count":0,"_bbp_total_reply_count":0,"_bbp_voice_count":0,"_bbp_anonymous_reply_count":0,"_bbp_topic_count_hidden":0,"_bbp_reply_count_hidden":0,"_bbp_forum_subforum_count":0,"footnotes":""},"categories":[4],"tags":[],"class_list":["post-3960","post","type-post","status-publish","format-standard","has-post-thumbnail","hentry","category-portada"],"post_mailing_queue_ids":[],"_links":{"self":[{"href":"https:\/\/agora.xtec.cat\/ceip-jrj\/wp-json\/wp\/v2\/posts\/3960","targetHints":{"allow":["GET"]}}],"collection":[{"href":"https:\/\/agora.xtec.cat\/ceip-jrj\/wp-json\/wp\/v2\/posts"}],"about":[{"href":"https:\/\/agora.xtec.cat\/ceip-jrj\/wp-json\/wp\/v2\/types\/post"}],"author":[{"embeddable":true,"href":"https:\/\/agora.xtec.cat\/ceip-jrj\/wp-json\/wp\/v2\/users\/1"}],"replies":[{"embeddable":true,"href":"https:\/\/agora.xtec.cat\/ceip-jrj\/wp-json\/wp\/v2\/comments?post=3960"}],"version-history":[{"count":1,"href":"https:\/\/agora.xtec.cat\/ceip-jrj\/wp-json\/wp\/v2\/posts\/3960\/revisions"}],"predecessor-version":[{"id":3962,"href":"https:\/\/agora.xtec.cat\/ceip-jrj\/wp-json\/wp\/v2\/posts\/3960\/revisions\/3962"}],"wp:featuredmedia":[{"embeddable":true,"href":"https:\/\/agora.xtec.cat\/ceip-jrj\/wp-json\/wp\/v2\/media\/3961"}],"wp:attachment":[{"href":"https:\/\/agora.xtec.cat\/ceip-jrj\/wp-json\/wp\/v2\/media?parent=3960"}],"wp:term":[{"taxonomy":"category","embeddable":true,"href":"https:\/\/agora.xtec.cat\/ceip-jrj\/wp-json\/wp\/v2\/categories?post=3960"},{"taxonomy":"post_tag","embeddable":true,"href":"https:\/\/agora.xtec.cat\/ceip-jrj\/wp-json\/wp\/v2\/tags?post=3960"}],"curies":[{"name":"wp","href":"https:\/\/api.w.org\/{rel}","templated":true}]}}