{"id":3908,"date":"2021-02-03T07:35:15","date_gmt":"2021-02-03T06:35:15","guid":{"rendered":"http:\/\/agora.xtec.cat\/ceip-jrj\/?p=3908"},"modified":"2021-02-03T07:36:55","modified_gmt":"2021-02-03T06:36:55","slug":"dia-escolar-de-la-no-violencia-i-la-pau-al-cicle-mitja","status":"publish","type":"post","link":"https:\/\/agora.xtec.cat\/ceip-jrj\/general\/dia-escolar-de-la-no-violencia-i-la-pau-al-cicle-mitja\/","title":{"rendered":"DIA ESCOLAR DE LA NO VIOL\u00c8NCIA I LA PAU AL CICLE MITJ\u00c0"},"content":{"rendered":"<p>Enguany hem tornat a celebrar el dia del DENIP a l&#8217;escola. Els nens i nenes de Cicle Mitj\u00e0 hem fet una activitat al mat\u00ed relacionada amb diferents personatges que han contribuit al desenvolupament, la defensa i promoci\u00f3 dels drets humans, aix\u00ed com el <em>foment de la pau<\/em>. D&#8217;aquesta manera hem conegut al Gandhi, en Mandela, la mare Teresa de Calcuta, en Martin Luther i la Rigoberta Mench\u00fa.<\/p>\n<p>A la tarda hem fet una manualitat fent servir diferents materials. El resultat ha estat un colom amb una branca d&#8217;olivera pin\u00e7ada pel bec, un dels s\u00edmbols m\u00e9s representatius de la pau al m\u00f3n.<\/p>\n<p>Si en voleu veure totes aquestes activitats, feu clic <a href=\"https:\/\/photos.app.goo.gl\/pqDZT1dSDWLhDkPX9\">aqu\u00ed<\/a><\/p>\n","protected":false},"excerpt":{"rendered":"<p>Enguany hem tornat a celebrar el dia del DENIP a l&#8217;escola. Els nens i nenes de Cicle Mitj\u00e0 hem fet una activitat al mat\u00ed relacionada amb diferents personatges que han contribuit al desenvolupament, la defensa i promoci\u00f3 dels drets humans, aix\u00ed com el foment de&hellip;  <a href=\"https:\/\/agora.xtec.cat\/ceip-jrj\/general\/dia-escolar-de-la-no-violencia-i-la-pau-al-cicle-mitja\/\" title=\"Read DIA ESCOLAR DE LA NO VIOL\u00c8NCIA I LA PAU AL CICLE MITJ\u00c0\">Llegeix m\u00e9s\u00bb<\/a><\/p>\n","protected":false},"author":1,"featured_media":3909,"comment_status":"closed","ping_status":"closed","sticky":false,"template":"","format":"standard","meta":{"_bbp_topic_count":0,"_bbp_reply_count":0,"_bbp_total_topic_count":0,"_bbp_total_reply_count":0,"_bbp_voice_count":0,"_bbp_anonymous_reply_count":0,"_bbp_topic_count_hidden":0,"_bbp_reply_count_hidden":0,"_bbp_forum_subforum_count":0,"footnotes":""},"categories":[1,4],"tags":[],"class_list":["post-3908","post","type-post","status-publish","format-standard","has-post-thumbnail","hentry","category-general","category-portada"],"post_mailing_queue_ids":[],"_links":{"self":[{"href":"https:\/\/agora.xtec.cat\/ceip-jrj\/wp-json\/wp\/v2\/posts\/3908","targetHints":{"allow":["GET"]}}],"collection":[{"href":"https:\/\/agora.xtec.cat\/ceip-jrj\/wp-json\/wp\/v2\/posts"}],"about":[{"href":"https:\/\/agora.xtec.cat\/ceip-jrj\/wp-json\/wp\/v2\/types\/post"}],"author":[{"embeddable":true,"href":"https:\/\/agora.xtec.cat\/ceip-jrj\/wp-json\/wp\/v2\/users\/1"}],"replies":[{"embeddable":true,"href":"https:\/\/agora.xtec.cat\/ceip-jrj\/wp-json\/wp\/v2\/comments?post=3908"}],"version-history":[{"count":2,"href":"https:\/\/agora.xtec.cat\/ceip-jrj\/wp-json\/wp\/v2\/posts\/3908\/revisions"}],"predecessor-version":[{"id":3950,"href":"https:\/\/agora.xtec.cat\/ceip-jrj\/wp-json\/wp\/v2\/posts\/3908\/revisions\/3950"}],"wp:featuredmedia":[{"embeddable":true,"href":"https:\/\/agora.xtec.cat\/ceip-jrj\/wp-json\/wp\/v2\/media\/3909"}],"wp:attachment":[{"href":"https:\/\/agora.xtec.cat\/ceip-jrj\/wp-json\/wp\/v2\/media?parent=3908"}],"wp:term":[{"taxonomy":"category","embeddable":true,"href":"https:\/\/agora.xtec.cat\/ceip-jrj\/wp-json\/wp\/v2\/categories?post=3908"},{"taxonomy":"post_tag","embeddable":true,"href":"https:\/\/agora.xtec.cat\/ceip-jrj\/wp-json\/wp\/v2\/tags?post=3908"}],"curies":[{"name":"wp","href":"https:\/\/api.w.org\/{rel}","templated":true}]}}