{"id":3780,"date":"2020-12-18T10:07:48","date_gmt":"2020-12-18T09:07:48","guid":{"rendered":"http:\/\/agora.xtec.cat\/ceip-jrj\/?p=3780"},"modified":"2020-12-23T19:44:17","modified_gmt":"2020-12-23T18:44:17","slug":"els-petits-de-lescola-celebren-el-nadal","status":"publish","type":"post","link":"https:\/\/agora.xtec.cat\/ceip-jrj\/general\/els-petits-de-lescola-celebren-el-nadal\/","title":{"rendered":"ELS PETITS DE L&#8217;ESCOLA CELEBREN EL NADAL"},"content":{"rendered":"<p>Els infants de P-3, P-4 i P-5 han gaudit d&#8217;uns dies m\u00e0gics i plens d&#8217;emocions a la nostra escola. Dies de sorpreses, com quan els nens i les nenes es van trobar al pati amagadet al Ti\u00f3, amb gana i fred. Com que aquests dies entre tots i totes l&#8217;han cuidat molt, l&#8217;\u00faltim dia de classe el Ti\u00f3 va cagar molts regalets, gr\u00e0cies Ti\u00f3 estimat!!! <span style=\"font-family: inherit; font-size: 1em;\">Per\u00f2 les sorpreses no van acabar aqu\u00ed, els infants van rebre la visita meravellosa del Patge Viu-Viu, que va venir a l&#8217;escola a emportar-se les cartes que cada classe va fer pels Reis d&#8217;Orient, quina il\u00b7lusi\u00f3!!!! A m\u00e9s, els nens i les nenes de P-5 van passar una bona estona amb el sac de Santa Claus i les sorpreses que l&#8217;Elena els va portar. Voleu veure imatges de tot aix\u00f2? <a href=\"https:\/\/photos.app.goo.gl\/vSqS1o1mPThKyapk7\">Doncs endavant, feu clic aqu\u00ed i gaudiu de la m\u00e0gia.<\/a><\/span><\/p>\n","protected":false},"excerpt":{"rendered":"<p>Els infants de P-3, P-4 i P-5 han gaudit d&#8217;uns dies m\u00e0gics i plens d&#8217;emocions a la nostra escola. Dies de sorpreses, com quan els nens i les nenes es van trobar al pati amagadet al Ti\u00f3, amb gana i fred. Com que aquests dies&hellip;  <a href=\"https:\/\/agora.xtec.cat\/ceip-jrj\/general\/els-petits-de-lescola-celebren-el-nadal\/\" title=\"Read ELS PETITS DE L&#8217;ESCOLA CELEBREN EL NADAL\">Llegeix m\u00e9s\u00bb<\/a><\/p>\n","protected":false},"author":1,"featured_media":3782,"comment_status":"closed","ping_status":"closed","sticky":false,"template":"","format":"standard","meta":{"_bbp_topic_count":0,"_bbp_reply_count":0,"_bbp_total_topic_count":0,"_bbp_total_reply_count":0,"_bbp_voice_count":0,"_bbp_anonymous_reply_count":0,"_bbp_topic_count_hidden":0,"_bbp_reply_count_hidden":0,"_bbp_forum_subforum_count":0,"footnotes":""},"categories":[1,2,4],"tags":[],"class_list":["post-3780","post","type-post","status-publish","format-standard","has-post-thumbnail","hentry","category-general","category-infantil","category-portada"],"post_mailing_queue_ids":[],"_links":{"self":[{"href":"https:\/\/agora.xtec.cat\/ceip-jrj\/wp-json\/wp\/v2\/posts\/3780","targetHints":{"allow":["GET"]}}],"collection":[{"href":"https:\/\/agora.xtec.cat\/ceip-jrj\/wp-json\/wp\/v2\/posts"}],"about":[{"href":"https:\/\/agora.xtec.cat\/ceip-jrj\/wp-json\/wp\/v2\/types\/post"}],"author":[{"embeddable":true,"href":"https:\/\/agora.xtec.cat\/ceip-jrj\/wp-json\/wp\/v2\/users\/1"}],"replies":[{"embeddable":true,"href":"https:\/\/agora.xtec.cat\/ceip-jrj\/wp-json\/wp\/v2\/comments?post=3780"}],"version-history":[{"count":1,"href":"https:\/\/agora.xtec.cat\/ceip-jrj\/wp-json\/wp\/v2\/posts\/3780\/revisions"}],"predecessor-version":[{"id":3783,"href":"https:\/\/agora.xtec.cat\/ceip-jrj\/wp-json\/wp\/v2\/posts\/3780\/revisions\/3783"}],"wp:featuredmedia":[{"embeddable":true,"href":"https:\/\/agora.xtec.cat\/ceip-jrj\/wp-json\/wp\/v2\/media\/3782"}],"wp:attachment":[{"href":"https:\/\/agora.xtec.cat\/ceip-jrj\/wp-json\/wp\/v2\/media?parent=3780"}],"wp:term":[{"taxonomy":"category","embeddable":true,"href":"https:\/\/agora.xtec.cat\/ceip-jrj\/wp-json\/wp\/v2\/categories?post=3780"},{"taxonomy":"post_tag","embeddable":true,"href":"https:\/\/agora.xtec.cat\/ceip-jrj\/wp-json\/wp\/v2\/tags?post=3780"}],"curies":[{"name":"wp","href":"https:\/\/api.w.org\/{rel}","templated":true}]}}