{"id":3766,"date":"2020-12-18T10:00:26","date_gmt":"2020-12-18T09:00:26","guid":{"rendered":"http:\/\/agora.xtec.cat\/ceip-jrj\/?p=3766"},"modified":"2020-12-18T10:05:20","modified_gmt":"2020-12-18T09:05:20","slug":"concurs-de-lectura-en-veu-alta","status":"publish","type":"post","link":"https:\/\/agora.xtec.cat\/ceip-jrj\/general\/concurs-de-lectura-en-veu-alta\/","title":{"rendered":"CONCURS DE LECTURA EN VEU ALTA"},"content":{"rendered":"<p>Com ja ve sent habitual, l&#8217;escola participa al Certamen de Lectura en Veu Alta organitzat per la Fundaci\u00f3 enciclop\u00e8dia catalana. La d&#8217;enguany \u00e9s la XVII edici\u00f3.<\/p>\n<p>L&#8217;alumnat que es presenta a la prova pertany als cursos de 4t i de 6\u00e8. Els nens i les nenes es preparen una lectura que llegeixen a les seves aules. S\u00f3n els mateixos companys i companyes, amb el tutor, qui trien els candidats de cada classe que ha llegit millor.<\/p>\n<p>Aquest any hi ha hagut 6 candidats de 4t i 3 candidats de 6\u00e8.<\/p>\n<p>Els seleccionats han fet lectures improvisades a la sala d&#8217;actes davant d&#8217;un jurat, format per dues mares de l&#8217;escola, la cap d&#8217;estudis i la directora, i davant dels companys candidats.<\/p>\n<p>Com a novetat aquest any, l&#8217;acte s&#8217;ha retransm\u00e8s en directe pel canal Youtube de l&#8217;escola perqu\u00e8 els companys de les aules ho poguessin veure des de classe; amb les restriccions actuals els\u00a0candidats no podien gaudir de\u00a0l&#8217;escalf dels companys com a p\u00fablic a la sala d&#8217;actes.<\/p>\n<p>Tot i aix\u00f2, pareu l&#8217;orella al v\u00eddeo perqu\u00e8 de lluny ens arribaven els \u00e0nims de tothom des de les aules.<\/p>\n<p>El proper 21 de desembre, durant l&#8217;emissi\u00f3 en directe de les activitats nadalenques de l&#8217;escola a les 10.00h , coneixerem els noms dels guanyadors i finalistes de l&#8217;escola per al XVII Certamen de Lectura en Veu Alta.<\/p>\n<p>L&#8217;elecci\u00f3 no ha estat f\u00e0cil.Tot@s ell@s ja s\u00f3n guanyador@s!<\/p>\n<h6 style=\"text-align: justify;\"><\/h6>\n<div><\/div>\n<div><\/div>\n<div style=\"text-align: center;\"><iframe loading=\"lazy\" src=\"\/\/www.youtube.com\/embed\/3ldmeGTvbvA\" width=\"560\" height=\"315\" frameborder=\"0\"><\/iframe><\/div>\n<div>\n<div><\/div>\n<\/div>\n","protected":false},"excerpt":{"rendered":"<p>Com ja ve sent habitual, l&#8217;escola participa al Certamen de Lectura en Veu Alta organitzat per la Fundaci\u00f3 enciclop\u00e8dia catalana. La d&#8217;enguany \u00e9s la XVII edici\u00f3.<br \/>\nL&#8217;alumnat que es presenta a la prova pertany als cursos de 4t i de 6\u00e8. Els nens i les nenes&hellip;  <a href=\"https:\/\/agora.xtec.cat\/ceip-jrj\/general\/concurs-de-lectura-en-veu-alta\/\" title=\"Read CONCURS DE LECTURA EN VEU ALTA\">Llegeix m\u00e9s\u00bb<\/a><\/p>\n","protected":false},"author":1,"featured_media":3767,"comment_status":"closed","ping_status":"closed","sticky":false,"template":"","format":"standard","meta":{"_bbp_topic_count":0,"_bbp_reply_count":0,"_bbp_total_topic_count":0,"_bbp_total_reply_count":0,"_bbp_voice_count":0,"_bbp_anonymous_reply_count":0,"_bbp_topic_count_hidden":0,"_bbp_reply_count_hidden":0,"_bbp_forum_subforum_count":0,"footnotes":""},"categories":[1,4],"tags":[],"class_list":["post-3766","post","type-post","status-publish","format-standard","has-post-thumbnail","hentry","category-general","category-portada"],"post_mailing_queue_ids":[],"_links":{"self":[{"href":"https:\/\/agora.xtec.cat\/ceip-jrj\/wp-json\/wp\/v2\/posts\/3766","targetHints":{"allow":["GET"]}}],"collection":[{"href":"https:\/\/agora.xtec.cat\/ceip-jrj\/wp-json\/wp\/v2\/posts"}],"about":[{"href":"https:\/\/agora.xtec.cat\/ceip-jrj\/wp-json\/wp\/v2\/types\/post"}],"author":[{"embeddable":true,"href":"https:\/\/agora.xtec.cat\/ceip-jrj\/wp-json\/wp\/v2\/users\/1"}],"replies":[{"embeddable":true,"href":"https:\/\/agora.xtec.cat\/ceip-jrj\/wp-json\/wp\/v2\/comments?post=3766"}],"version-history":[{"count":3,"href":"https:\/\/agora.xtec.cat\/ceip-jrj\/wp-json\/wp\/v2\/posts\/3766\/revisions"}],"predecessor-version":[{"id":3770,"href":"https:\/\/agora.xtec.cat\/ceip-jrj\/wp-json\/wp\/v2\/posts\/3766\/revisions\/3770"}],"wp:featuredmedia":[{"embeddable":true,"href":"https:\/\/agora.xtec.cat\/ceip-jrj\/wp-json\/wp\/v2\/media\/3767"}],"wp:attachment":[{"href":"https:\/\/agora.xtec.cat\/ceip-jrj\/wp-json\/wp\/v2\/media?parent=3766"}],"wp:term":[{"taxonomy":"category","embeddable":true,"href":"https:\/\/agora.xtec.cat\/ceip-jrj\/wp-json\/wp\/v2\/categories?post=3766"},{"taxonomy":"post_tag","embeddable":true,"href":"https:\/\/agora.xtec.cat\/ceip-jrj\/wp-json\/wp\/v2\/tags?post=3766"}],"curies":[{"name":"wp","href":"https:\/\/api.w.org\/{rel}","templated":true}]}}