{"id":3692,"date":"2020-11-29T09:01:01","date_gmt":"2020-11-29T08:01:01","guid":{"rendered":"http:\/\/agora.xtec.cat\/ceip-jrj\/?p=3692"},"modified":"2020-12-02T19:33:59","modified_gmt":"2020-12-02T18:33:59","slug":"sortida-de-cicle-mitja-al-pont-del-diable","status":"publish","type":"post","link":"https:\/\/agora.xtec.cat\/ceip-jrj\/portada\/sortida-de-cicle-mitja-al-pont-del-diable\/","title":{"rendered":"SORTIDA DE CICLE MITJ\u00c0 AL PONT DEL DIABLE"},"content":{"rendered":"<p>Aquesta setmana l\u2019alumnat de Cicle Mitj\u00e0 ha realitzat una sortida a peu per con\u00e8ixer un dels monuments m\u00e9s representatius del nostre poble, el Pont del Diable.<\/p>\n<p>El trajecte ha representat una caminada, en bona part, pel cam\u00ed fluvial del riu Anoia tot gaudint de la natura. Un cop arribats a peu de pont, han conegut de primera m\u00e0 la construcci\u00f3 rom\u00e0nica i alguns indrets del seu entorn com les runes de Sant Bartomeu o la Font de Les Malaltes.<\/p>\n<p>Abans d\u2019enfilar la tornada a l\u2019escola encara ha quedat temps per gaudir de les estructures i gronxadors del nou Parc del Riu Anoia.<\/p>\n<p>Voleu veure la sortida en imatges? Feu clic <a href=\"https:\/\/photos.app.goo.gl\/AVLf85xxyM9Pk7Po7\">aqu\u00ed<\/a><\/p>\n","protected":false},"excerpt":{"rendered":"<p>Aquesta setmana l\u2019alumnat de Cicle Mitj\u00e0 ha realitzat una sortida a peu per con\u00e8ixer un dels monuments m\u00e9s representatius del nostre poble, el Pont del Diable.<br \/>\nEl trajecte ha representat una caminada, en bona part, pel cam\u00ed fluvial del riu Anoia tot gaudint de la natura.&hellip;  <a href=\"https:\/\/agora.xtec.cat\/ceip-jrj\/portada\/sortida-de-cicle-mitja-al-pont-del-diable\/\" title=\"Read SORTIDA DE CICLE MITJ\u00c0 AL PONT DEL DIABLE\">Llegeix m\u00e9s\u00bb<\/a><\/p>\n","protected":false},"author":1,"featured_media":3693,"comment_status":"closed","ping_status":"closed","sticky":false,"template":"","format":"standard","meta":{"_bbp_topic_count":0,"_bbp_reply_count":0,"_bbp_total_topic_count":0,"_bbp_total_reply_count":0,"_bbp_voice_count":0,"_bbp_anonymous_reply_count":0,"_bbp_topic_count_hidden":0,"_bbp_reply_count_hidden":0,"_bbp_forum_subforum_count":0,"footnotes":""},"categories":[12,13,4],"tags":[],"class_list":["post-3692","post","type-post","status-publish","format-standard","has-post-thumbnail","hentry","category-3r","category-4t","category-portada"],"post_mailing_queue_ids":[],"_links":{"self":[{"href":"https:\/\/agora.xtec.cat\/ceip-jrj\/wp-json\/wp\/v2\/posts\/3692","targetHints":{"allow":["GET"]}}],"collection":[{"href":"https:\/\/agora.xtec.cat\/ceip-jrj\/wp-json\/wp\/v2\/posts"}],"about":[{"href":"https:\/\/agora.xtec.cat\/ceip-jrj\/wp-json\/wp\/v2\/types\/post"}],"author":[{"embeddable":true,"href":"https:\/\/agora.xtec.cat\/ceip-jrj\/wp-json\/wp\/v2\/users\/1"}],"replies":[{"embeddable":true,"href":"https:\/\/agora.xtec.cat\/ceip-jrj\/wp-json\/wp\/v2\/comments?post=3692"}],"version-history":[{"count":1,"href":"https:\/\/agora.xtec.cat\/ceip-jrj\/wp-json\/wp\/v2\/posts\/3692\/revisions"}],"predecessor-version":[{"id":3694,"href":"https:\/\/agora.xtec.cat\/ceip-jrj\/wp-json\/wp\/v2\/posts\/3692\/revisions\/3694"}],"wp:featuredmedia":[{"embeddable":true,"href":"https:\/\/agora.xtec.cat\/ceip-jrj\/wp-json\/wp\/v2\/media\/3693"}],"wp:attachment":[{"href":"https:\/\/agora.xtec.cat\/ceip-jrj\/wp-json\/wp\/v2\/media?parent=3692"}],"wp:term":[{"taxonomy":"category","embeddable":true,"href":"https:\/\/agora.xtec.cat\/ceip-jrj\/wp-json\/wp\/v2\/categories?post=3692"},{"taxonomy":"post_tag","embeddable":true,"href":"https:\/\/agora.xtec.cat\/ceip-jrj\/wp-json\/wp\/v2\/tags?post=3692"}],"curies":[{"name":"wp","href":"https:\/\/api.w.org\/{rel}","templated":true}]}}