{"id":3607,"date":"2020-09-27T13:09:45","date_gmt":"2020-09-27T11:09:45","guid":{"rendered":"http:\/\/agora.xtec.cat\/ceip-jrj\/?p=3607"},"modified":"2020-09-27T14:21:13","modified_gmt":"2020-09-27T12:21:13","slug":"preguntes-frequents-sobre-la-gestio-casos-covid","status":"publish","type":"post","link":"https:\/\/agora.xtec.cat\/ceip-jrj\/general\/preguntes-frequents-sobre-la-gestio-casos-covid\/","title":{"rendered":"PREGUNTES FREQ\u00dcENTS SOBRE LA GESTI\u00d3 CASOS COVID"},"content":{"rendered":"<p>Aqu\u00ed teniu un document amb respostes a algunes de les preguntes que genera la gesti\u00f3\u00a0de casos Covid a les escoles.<\/p>\n<p><a href=\"https:\/\/drive.google.com\/file\/d\/1ItBYf9oYqjTNMu7MqwMjQkxJHF6JzN9D\/view?usp=sharing\"><img loading=\"lazy\" decoding=\"async\" class=\"size-large wp-image-3610 aligncenter\" src=\"https:\/\/agora.xtec.cat\/ceip-jrj\/wp-content\/uploads\/usu280\/2020\/09\/Preguntes-freq\u00fcents-724x1024.jpg\" alt=\"\" width=\"724\" height=\"1024\" srcset=\"https:\/\/agora.xtec.cat\/ceip-jrj\/wp-content\/uploads\/usu280\/2020\/09\/Preguntes-freq\u00fcents-724x1024.jpg 724w, https:\/\/agora.xtec.cat\/ceip-jrj\/wp-content\/uploads\/usu280\/2020\/09\/Preguntes-freq\u00fcents-212x300.jpg 212w, https:\/\/agora.xtec.cat\/ceip-jrj\/wp-content\/uploads\/usu280\/2020\/09\/Preguntes-freq\u00fcents-768x1086.jpg 768w, https:\/\/agora.xtec.cat\/ceip-jrj\/wp-content\/uploads\/usu280\/2020\/09\/Preguntes-freq\u00fcents.jpg 1241w\" sizes=\"auto, (max-width: 724px) 100vw, 724px\" \/><\/a><\/p>\n","protected":false},"excerpt":{"rendered":"<p>Aqu\u00ed teniu un document amb respostes a algunes de les preguntes que genera la gesti\u00f3\u00a0de casos Covid a les escoles.<br \/>\n<a href=\"https:\/\/drive.google.com\/file\/d\/1ItBYf9oYqjTNMu7MqwMjQkxJHF6JzN9D\/view?usp=sharing\"><\/a><\/p>\n","protected":false},"author":1,"featured_media":3608,"comment_status":"closed","ping_status":"closed","sticky":false,"template":"","format":"standard","meta":{"_bbp_topic_count":0,"_bbp_reply_count":0,"_bbp_total_topic_count":0,"_bbp_total_reply_count":0,"_bbp_voice_count":0,"_bbp_anonymous_reply_count":0,"_bbp_topic_count_hidden":0,"_bbp_reply_count_hidden":0,"_bbp_forum_subforum_count":0,"footnotes":""},"categories":[1,4],"tags":[],"class_list":["post-3607","post","type-post","status-publish","format-standard","has-post-thumbnail","hentry","category-general","category-portada"],"post_mailing_queue_ids":[],"_links":{"self":[{"href":"https:\/\/agora.xtec.cat\/ceip-jrj\/wp-json\/wp\/v2\/posts\/3607","targetHints":{"allow":["GET"]}}],"collection":[{"href":"https:\/\/agora.xtec.cat\/ceip-jrj\/wp-json\/wp\/v2\/posts"}],"about":[{"href":"https:\/\/agora.xtec.cat\/ceip-jrj\/wp-json\/wp\/v2\/types\/post"}],"author":[{"embeddable":true,"href":"https:\/\/agora.xtec.cat\/ceip-jrj\/wp-json\/wp\/v2\/users\/1"}],"replies":[{"embeddable":true,"href":"https:\/\/agora.xtec.cat\/ceip-jrj\/wp-json\/wp\/v2\/comments?post=3607"}],"version-history":[{"count":2,"href":"https:\/\/agora.xtec.cat\/ceip-jrj\/wp-json\/wp\/v2\/posts\/3607\/revisions"}],"predecessor-version":[{"id":3611,"href":"https:\/\/agora.xtec.cat\/ceip-jrj\/wp-json\/wp\/v2\/posts\/3607\/revisions\/3611"}],"wp:featuredmedia":[{"embeddable":true,"href":"https:\/\/agora.xtec.cat\/ceip-jrj\/wp-json\/wp\/v2\/media\/3608"}],"wp:attachment":[{"href":"https:\/\/agora.xtec.cat\/ceip-jrj\/wp-json\/wp\/v2\/media?parent=3607"}],"wp:term":[{"taxonomy":"category","embeddable":true,"href":"https:\/\/agora.xtec.cat\/ceip-jrj\/wp-json\/wp\/v2\/categories?post=3607"},{"taxonomy":"post_tag","embeddable":true,"href":"https:\/\/agora.xtec.cat\/ceip-jrj\/wp-json\/wp\/v2\/tags?post=3607"}],"curies":[{"name":"wp","href":"https:\/\/api.w.org\/{rel}","templated":true}]}}