{"id":3604,"date":"2020-09-27T13:07:34","date_gmt":"2020-09-27T11:07:34","guid":{"rendered":"http:\/\/agora.xtec.cat\/ceip-jrj\/?p=3604"},"modified":"2020-09-27T13:07:34","modified_gmt":"2020-09-27T11:07:34","slug":"escola-segura","status":"publish","type":"post","link":"https:\/\/agora.xtec.cat\/ceip-jrj\/general\/escola-segura\/","title":{"rendered":"ESCOLA SEGURA"},"content":{"rendered":"<p>Aqu\u00ed teniu un enlla\u00e7\u00a0del Departament on trobareu les actuacions i decisions en l&#8217;\u00e0mbit educatiu en context de pand\u00e8mia. Tamb\u00e9 podeu veure la situaci\u00f3 dels centres escolar de tota Catalunya.<\/p>\n<h3 style=\"text-align: center;\"><a href=\"http:\/\/ensenyament.gencat.cat\/ca\/actualitat\/escolasegura\/\">ENLLA\u00c7 ESCOLA SEGURA<\/a><\/h3>\n","protected":false},"excerpt":{"rendered":"<p>Aqu\u00ed teniu un enlla\u00e7\u00a0del Departament on trobareu les actuacions i decisions en l&#8217;\u00e0mbit educatiu en context de pand\u00e8mia. Tamb\u00e9 podeu veure la situaci\u00f3 dels centres escolar de tota Catalunya.<br \/>\n<a href=\"http:\/\/ensenyament.gencat.cat\/ca\/actualitat\/escolasegura\/\">ENLLA\u00c7 ESCOLA SEGURA<\/a><\/p>\n","protected":false},"author":1,"featured_media":3605,"comment_status":"closed","ping_status":"closed","sticky":false,"template":"","format":"standard","meta":{"_bbp_topic_count":0,"_bbp_reply_count":0,"_bbp_total_topic_count":0,"_bbp_total_reply_count":0,"_bbp_voice_count":0,"_bbp_anonymous_reply_count":0,"_bbp_topic_count_hidden":0,"_bbp_reply_count_hidden":0,"_bbp_forum_subforum_count":0,"footnotes":""},"categories":[1,4],"tags":[],"class_list":["post-3604","post","type-post","status-publish","format-standard","has-post-thumbnail","hentry","category-general","category-portada"],"post_mailing_queue_ids":[],"_links":{"self":[{"href":"https:\/\/agora.xtec.cat\/ceip-jrj\/wp-json\/wp\/v2\/posts\/3604","targetHints":{"allow":["GET"]}}],"collection":[{"href":"https:\/\/agora.xtec.cat\/ceip-jrj\/wp-json\/wp\/v2\/posts"}],"about":[{"href":"https:\/\/agora.xtec.cat\/ceip-jrj\/wp-json\/wp\/v2\/types\/post"}],"author":[{"embeddable":true,"href":"https:\/\/agora.xtec.cat\/ceip-jrj\/wp-json\/wp\/v2\/users\/1"}],"replies":[{"embeddable":true,"href":"https:\/\/agora.xtec.cat\/ceip-jrj\/wp-json\/wp\/v2\/comments?post=3604"}],"version-history":[{"count":1,"href":"https:\/\/agora.xtec.cat\/ceip-jrj\/wp-json\/wp\/v2\/posts\/3604\/revisions"}],"predecessor-version":[{"id":3606,"href":"https:\/\/agora.xtec.cat\/ceip-jrj\/wp-json\/wp\/v2\/posts\/3604\/revisions\/3606"}],"wp:featuredmedia":[{"embeddable":true,"href":"https:\/\/agora.xtec.cat\/ceip-jrj\/wp-json\/wp\/v2\/media\/3605"}],"wp:attachment":[{"href":"https:\/\/agora.xtec.cat\/ceip-jrj\/wp-json\/wp\/v2\/media?parent=3604"}],"wp:term":[{"taxonomy":"category","embeddable":true,"href":"https:\/\/agora.xtec.cat\/ceip-jrj\/wp-json\/wp\/v2\/categories?post=3604"},{"taxonomy":"post_tag","embeddable":true,"href":"https:\/\/agora.xtec.cat\/ceip-jrj\/wp-json\/wp\/v2\/tags?post=3604"}],"curies":[{"name":"wp","href":"https:\/\/api.w.org\/{rel}","templated":true}]}}