{"id":3599,"date":"2020-09-25T19:50:35","date_gmt":"2020-09-25T17:50:35","guid":{"rendered":"http:\/\/agora.xtec.cat\/ceip-jrj\/?p=3599"},"modified":"2020-09-25T19:52:10","modified_gmt":"2020-09-25T17:52:10","slug":"p4b-en-quarantena","status":"publish","type":"post","link":"https:\/\/agora.xtec.cat\/ceip-jrj\/general\/p4b-en-quarantena\/","title":{"rendered":"P4B EN QUARANTENA"},"content":{"rendered":"<h6 style=\"text-align: justify;\">L&#8217;alumnat de P4B est\u00e0 en quarantena a casa, per\u00f2 tot i aix\u00f2 continuen treballant amb les propostes de les seves mestres, la Patr\u00edcia i la Marina.<\/h6>\n<h6 style=\"text-align: justify;\">Cada dia es connecten al mat\u00ed en videoconfer\u00e8ncia, de 9.30 a 11.00, i a la tarda de 15.00 a 16.00. Realitzen propostes de tota mena i parlen amb les senyoretes.<\/h6>\n<h6 style=\"text-align: justify;\">Tot i la quarantena el treball continua!<\/h6>\n<h6 style=\"text-align: justify;\">Si tot va b\u00e9, el dia 2 d&#8217;octubre ja tornaran a ser a l&#8217;escola.<\/h6>\n<p><a href=\"https:\/\/agora.xtec.cat\/ceip-jrj\/wp-content\/uploads\/usu280\/2020\/09\/imatge-videotrucada.jpg\"><img loading=\"lazy\" decoding=\"async\" class=\"alignnone size-large wp-image-3600\" src=\"https:\/\/agora.xtec.cat\/ceip-jrj\/wp-content\/uploads\/usu280\/2020\/09\/imatge-videotrucada-1024x576.jpg\" alt=\"\" width=\"1024\" height=\"576\" srcset=\"https:\/\/agora.xtec.cat\/ceip-jrj\/wp-content\/uploads\/usu280\/2020\/09\/imatge-videotrucada-1024x576.jpg 1024w, https:\/\/agora.xtec.cat\/ceip-jrj\/wp-content\/uploads\/usu280\/2020\/09\/imatge-videotrucada-300x169.jpg 300w, https:\/\/agora.xtec.cat\/ceip-jrj\/wp-content\/uploads\/usu280\/2020\/09\/imatge-videotrucada-768x432.jpg 768w, https:\/\/agora.xtec.cat\/ceip-jrj\/wp-content\/uploads\/usu280\/2020\/09\/imatge-videotrucada.jpg 1366w\" sizes=\"auto, (max-width: 1024px) 100vw, 1024px\" \/><\/a><\/p>\n","protected":false},"excerpt":{"rendered":"<p>L&#8217;alumnat de P4B est\u00e0 en quarantena a casa, per\u00f2 tot i aix\u00f2 continuen treballant amb les propostes de les seves mestres, la Patr\u00edcia i la Marina.<br \/>\nCada dia es connecten al mat\u00ed en videoconfer\u00e8ncia, de 9.30 a 11.00, i a la tarda de 15.00 a 16.00.&hellip;  <a href=\"https:\/\/agora.xtec.cat\/ceip-jrj\/general\/p4b-en-quarantena\/\" title=\"Read P4B EN QUARANTENA\">Llegeix m\u00e9s\u00bb<\/a><\/p>\n","protected":false},"author":1,"featured_media":3600,"comment_status":"closed","ping_status":"closed","sticky":false,"template":"","format":"standard","meta":{"_bbp_topic_count":0,"_bbp_reply_count":0,"_bbp_total_topic_count":0,"_bbp_total_reply_count":0,"_bbp_voice_count":0,"_bbp_anonymous_reply_count":0,"_bbp_topic_count_hidden":0,"_bbp_reply_count_hidden":0,"_bbp_forum_subforum_count":0,"footnotes":""},"categories":[1,4],"tags":[],"class_list":["post-3599","post","type-post","status-publish","format-standard","has-post-thumbnail","hentry","category-general","category-portada"],"post_mailing_queue_ids":[],"_links":{"self":[{"href":"https:\/\/agora.xtec.cat\/ceip-jrj\/wp-json\/wp\/v2\/posts\/3599","targetHints":{"allow":["GET"]}}],"collection":[{"href":"https:\/\/agora.xtec.cat\/ceip-jrj\/wp-json\/wp\/v2\/posts"}],"about":[{"href":"https:\/\/agora.xtec.cat\/ceip-jrj\/wp-json\/wp\/v2\/types\/post"}],"author":[{"embeddable":true,"href":"https:\/\/agora.xtec.cat\/ceip-jrj\/wp-json\/wp\/v2\/users\/1"}],"replies":[{"embeddable":true,"href":"https:\/\/agora.xtec.cat\/ceip-jrj\/wp-json\/wp\/v2\/comments?post=3599"}],"version-history":[{"count":2,"href":"https:\/\/agora.xtec.cat\/ceip-jrj\/wp-json\/wp\/v2\/posts\/3599\/revisions"}],"predecessor-version":[{"id":3602,"href":"https:\/\/agora.xtec.cat\/ceip-jrj\/wp-json\/wp\/v2\/posts\/3599\/revisions\/3602"}],"wp:featuredmedia":[{"embeddable":true,"href":"https:\/\/agora.xtec.cat\/ceip-jrj\/wp-json\/wp\/v2\/media\/3600"}],"wp:attachment":[{"href":"https:\/\/agora.xtec.cat\/ceip-jrj\/wp-json\/wp\/v2\/media?parent=3599"}],"wp:term":[{"taxonomy":"category","embeddable":true,"href":"https:\/\/agora.xtec.cat\/ceip-jrj\/wp-json\/wp\/v2\/categories?post=3599"},{"taxonomy":"post_tag","embeddable":true,"href":"https:\/\/agora.xtec.cat\/ceip-jrj\/wp-json\/wp\/v2\/tags?post=3599"}],"curies":[{"name":"wp","href":"https:\/\/api.w.org\/{rel}","templated":true}]}}