{"id":3562,"date":"2020-09-08T09:41:47","date_gmt":"2020-09-08T07:41:47","guid":{"rendered":"http:\/\/agora.xtec.cat\/ceip-jrj\/?p=3562"},"modified":"2020-09-08T09:49:10","modified_gmt":"2020-09-08T07:49:10","slug":"documents-per-al-servei-del-menjador","status":"publish","type":"post","link":"https:\/\/agora.xtec.cat\/ceip-jrj\/general\/documents-per-al-servei-del-menjador\/","title":{"rendered":"DOCUMENTS PER AL SERVEI DEL MENJADOR"},"content":{"rendered":"<p>El primer document \u00e9s una carta presentaci\u00f3 on us informen sobre<strong>\u00a0l\u2019alta i\/o continu\u00eftat del servei, els requisits per poder fer \u00fas, els preus i altres temes de rebuts<\/strong>.<br \/>\nCal que tingueu en compte que\u00a0<strong>no hi haur\u00e0 atenci\u00f3 presencial<\/strong>\u00a0dins el centre i per tant \u00e9s molt important que la comunicaci\u00f3 amb l\u2019empresa\u00a0 la \u00a0feu per l\u2019app, correu electr\u00f2nic o telef\u00f2nicament.<br \/>\nDe moment\u00a0<strong>no hi ha cap informaci\u00f3 sobre les beques menjador<\/strong>\u00a0. En quan la tinguem, us la compartirem.<\/p>\n<p style=\"text-align: center;\"><a href=\"https:\/\/drive.google.com\/file\/d\/1TU3mVA0GLQKrzirOUN1Y8ZGPs4qHiGiF\/view?usp=sharing\">DOCUMENT INFORMACI\u00d3 MENJADOR<\/a><\/p>\n<p style=\"text-align: left;\"><strong><br \/>\n<\/strong>El segon document \u00e9s informatiu sobre <strong>l\u2019organitzaci\u00f3 del servei per a complir les mesures de prevenci\u00f3 i seguretat que s\u2019estableixen<\/strong>\u00a0i que anem informant, tamb\u00e9, a les diferents reunions de fam\u00edlies que estem fent aquesta setmana (monitores, torns, distribuci\u00f3 espais, etc.).<\/p>\n<p style=\"text-align: center;\"><a href=\"https:\/\/drive.google.com\/file\/d\/1dki02ftHOggZSAK_F9CockBf497ixLGB\/view?usp=sharing\">DOCUMENT ORGANITZACI\u00d3<\/a><\/p>\n","protected":false},"excerpt":{"rendered":"<p>El primer document \u00e9s una carta presentaci\u00f3 on us informen sobre\u00a0l\u2019alta i\/o continu\u00eftat del servei, els requisits per poder fer \u00fas, els preus i altres temes de rebuts.<br \/>\nCal que tingueu en compte que\u00a0no hi haur\u00e0 atenci\u00f3 presencial\u00a0dins el centre i per tant \u00e9s molt important&hellip;  <a href=\"https:\/\/agora.xtec.cat\/ceip-jrj\/general\/documents-per-al-servei-del-menjador\/\" title=\"Read DOCUMENTS PER AL SERVEI DEL MENJADOR\">Llegeix m\u00e9s\u00bb<\/a><\/p>\n","protected":false},"author":1,"featured_media":3563,"comment_status":"closed","ping_status":"closed","sticky":false,"template":"","format":"standard","meta":{"_bbp_topic_count":0,"_bbp_reply_count":0,"_bbp_total_topic_count":0,"_bbp_total_reply_count":0,"_bbp_voice_count":0,"_bbp_anonymous_reply_count":0,"_bbp_topic_count_hidden":0,"_bbp_reply_count_hidden":0,"_bbp_forum_subforum_count":0,"footnotes":""},"categories":[1,4],"tags":[],"class_list":["post-3562","post","type-post","status-publish","format-standard","has-post-thumbnail","hentry","category-general","category-portada"],"post_mailing_queue_ids":[],"_links":{"self":[{"href":"https:\/\/agora.xtec.cat\/ceip-jrj\/wp-json\/wp\/v2\/posts\/3562","targetHints":{"allow":["GET"]}}],"collection":[{"href":"https:\/\/agora.xtec.cat\/ceip-jrj\/wp-json\/wp\/v2\/posts"}],"about":[{"href":"https:\/\/agora.xtec.cat\/ceip-jrj\/wp-json\/wp\/v2\/types\/post"}],"author":[{"embeddable":true,"href":"https:\/\/agora.xtec.cat\/ceip-jrj\/wp-json\/wp\/v2\/users\/1"}],"replies":[{"embeddable":true,"href":"https:\/\/agora.xtec.cat\/ceip-jrj\/wp-json\/wp\/v2\/comments?post=3562"}],"version-history":[{"count":2,"href":"https:\/\/agora.xtec.cat\/ceip-jrj\/wp-json\/wp\/v2\/posts\/3562\/revisions"}],"predecessor-version":[{"id":3565,"href":"https:\/\/agora.xtec.cat\/ceip-jrj\/wp-json\/wp\/v2\/posts\/3562\/revisions\/3565"}],"wp:featuredmedia":[{"embeddable":true,"href":"https:\/\/agora.xtec.cat\/ceip-jrj\/wp-json\/wp\/v2\/media\/3563"}],"wp:attachment":[{"href":"https:\/\/agora.xtec.cat\/ceip-jrj\/wp-json\/wp\/v2\/media?parent=3562"}],"wp:term":[{"taxonomy":"category","embeddable":true,"href":"https:\/\/agora.xtec.cat\/ceip-jrj\/wp-json\/wp\/v2\/categories?post=3562"},{"taxonomy":"post_tag","embeddable":true,"href":"https:\/\/agora.xtec.cat\/ceip-jrj\/wp-json\/wp\/v2\/tags?post=3562"}],"curies":[{"name":"wp","href":"https:\/\/api.w.org\/{rel}","templated":true}]}}