{"id":3539,"date":"2020-06-18T15:59:18","date_gmt":"2020-06-18T13:59:18","guid":{"rendered":"http:\/\/agora.xtec.cat\/ceip-jrj\/?p=3539"},"modified":"2020-07-19T10:41:57","modified_gmt":"2020-07-19T08:41:57","slug":"consell-dinfants-tot-anira-be","status":"publish","type":"post","link":"https:\/\/agora.xtec.cat\/ceip-jrj\/portada\/consell-dinfants-tot-anira-be\/","title":{"rendered":"CONSELL D&#8217;INFANTS. Tot anir\u00e0 b\u00e9!!!"},"content":{"rendered":"<p>La pand\u00e8mia que estem vivint a causa de la Covid-19 ens ha obligat a adaptar-nos a una nova situaci\u00f3, amb moltes incerteses. Aquesta realitat complexa afecta tamb\u00e9 els m\u00e9s petits i \u00e9s important poder-ne parlar, saber com ho estan vivint i que ho puguin expressar amb les seves paraules.<\/p>\n<p>Des de la Regidoria d&#8217;Inf\u00e0ncia van demanar als membres del Consell d&#8217;Infants que, com a representants de les nenes i els nens de Martorell, expliquessin com han viscut els mesos de confinament i qu\u00e8 n&#8217;han apr\u00e8s. Un dels membres que representa la nostra escola, en Teo Bellido, ens ho explica i ens recorda que, si anem amb compte i seguim totes les recomanacions sanit\u00e0ries, tot anir\u00e0 b\u00e9!!!<\/p>\n<p style=\"text-align: center;\"><iframe loading=\"lazy\" src=\"https:\/\/www.youtube.com\/embed\/WB0JYVlKfIo\" width=\"560\" height=\"315\" frameborder=\"0\"><\/iframe><\/p>\n","protected":false},"excerpt":{"rendered":"<p>La pand\u00e8mia que estem vivint a causa de la Covid-19 ens ha obligat a adaptar-nos a una nova situaci\u00f3, amb moltes incerteses. Aquesta realitat complexa afecta tamb\u00e9 els m\u00e9s petits i \u00e9s important poder-ne parlar, saber com ho estan vivint i que ho puguin expressar&hellip;  <a href=\"https:\/\/agora.xtec.cat\/ceip-jrj\/portada\/consell-dinfants-tot-anira-be\/\" title=\"Read CONSELL D&#8217;INFANTS. Tot anir\u00e0 b\u00e9!!!\">Llegeix m\u00e9s\u00bb<\/a><\/p>\n","protected":false},"author":1,"featured_media":3540,"comment_status":"closed","ping_status":"closed","sticky":false,"template":"","format":"standard","meta":{"_bbp_topic_count":0,"_bbp_reply_count":0,"_bbp_total_topic_count":0,"_bbp_total_reply_count":0,"_bbp_voice_count":0,"_bbp_anonymous_reply_count":0,"_bbp_topic_count_hidden":0,"_bbp_reply_count_hidden":0,"_bbp_forum_subforum_count":0,"footnotes":""},"categories":[4],"tags":[],"class_list":["post-3539","post","type-post","status-publish","format-standard","has-post-thumbnail","hentry","category-portada"],"post_mailing_queue_ids":[],"_links":{"self":[{"href":"https:\/\/agora.xtec.cat\/ceip-jrj\/wp-json\/wp\/v2\/posts\/3539","targetHints":{"allow":["GET"]}}],"collection":[{"href":"https:\/\/agora.xtec.cat\/ceip-jrj\/wp-json\/wp\/v2\/posts"}],"about":[{"href":"https:\/\/agora.xtec.cat\/ceip-jrj\/wp-json\/wp\/v2\/types\/post"}],"author":[{"embeddable":true,"href":"https:\/\/agora.xtec.cat\/ceip-jrj\/wp-json\/wp\/v2\/users\/1"}],"replies":[{"embeddable":true,"href":"https:\/\/agora.xtec.cat\/ceip-jrj\/wp-json\/wp\/v2\/comments?post=3539"}],"version-history":[{"count":2,"href":"https:\/\/agora.xtec.cat\/ceip-jrj\/wp-json\/wp\/v2\/posts\/3539\/revisions"}],"predecessor-version":[{"id":3542,"href":"https:\/\/agora.xtec.cat\/ceip-jrj\/wp-json\/wp\/v2\/posts\/3539\/revisions\/3542"}],"wp:featuredmedia":[{"embeddable":true,"href":"https:\/\/agora.xtec.cat\/ceip-jrj\/wp-json\/wp\/v2\/media\/3540"}],"wp:attachment":[{"href":"https:\/\/agora.xtec.cat\/ceip-jrj\/wp-json\/wp\/v2\/media?parent=3539"}],"wp:term":[{"taxonomy":"category","embeddable":true,"href":"https:\/\/agora.xtec.cat\/ceip-jrj\/wp-json\/wp\/v2\/categories?post=3539"},{"taxonomy":"post_tag","embeddable":true,"href":"https:\/\/agora.xtec.cat\/ceip-jrj\/wp-json\/wp\/v2\/tags?post=3539"}],"curies":[{"name":"wp","href":"https:\/\/api.w.org\/{rel}","templated":true}]}}