{"id":3515,"date":"2020-06-18T16:00:01","date_gmt":"2020-06-18T14:00:01","guid":{"rendered":"http:\/\/agora.xtec.cat\/ceip-jrj\/?p=3515"},"modified":"2020-06-18T18:12:00","modified_gmt":"2020-06-18T16:12:00","slug":"deures-destiu-6e-2019-20","status":"publish","type":"post","link":"https:\/\/agora.xtec.cat\/ceip-jrj\/general\/deures-destiu-6e-2019-20\/","title":{"rendered":"DEURES D&#8217;ESTIU 6\u00e8 2019-20"},"content":{"rendered":"<p>Des de fa alguns cursos, les Escoles de Prim\u00e0ria i els Instituts de Martorell hem acordat fer tots la mateixa feina d&#8217;estiu. Aquestes feines s&#8217;hauran d&#8217;entregar als Centres de Secund\u00e0ria en comen\u00e7ar les classes al setembre.<\/p>\n<p>Clicant als seg\u00fcents enlla\u00e7os podr\u00e0s descarregar els deures d&#8217;estiu de 6\u00e8. Tria l&#8217;opci\u00f3 que t&#8217;hagi recomanat el teu mestre.<\/p>\n<p>CATAL\u00c0<\/p>\n<p><a href=\"https:\/\/drive.google.com\/file\/d\/1edcZT8gBJfkfa1kuA_2mTxLxVtuVBqzI\/view?usp=sharing\">Opci\u00f3 1<\/a><\/p>\n<p><a href=\"https:\/\/drive.google.com\/file\/d\/1EZKWPq-Arm8zG-bt2wYQhKPg9TcUqdeK\/view?usp=sharing\">Opci\u00f3 2<\/a><\/p>\n<p>CASTELL\u00c0<\/p>\n<p><a href=\"https:\/\/drive.google.com\/file\/d\/1UFpDP0rKj-x6DUVfcnmA6DJCn63Pncxs\/view?usp=sharing\">Opci\u00f3 1<\/a><\/p>\n<p><a href=\"https:\/\/drive.google.com\/file\/d\/1aUCHvmX0s8-Naur7NAA-uHQaka6fTMyz\/view?usp=sharing\">Opci\u00f3 2<\/a><\/p>\n<p>ANGL\u00c8S<\/p>\n<p><a href=\"https:\/\/drive.google.com\/file\/d\/1OlChbqC20HOpPgm762rdG1pYYPPr8Ma1\/view?usp=sharing\">Opci\u00f3 1<\/a><\/p>\n<p><a href=\"https:\/\/drive.google.com\/file\/d\/1ws4HZC9AHcaK0XCC1YnnTaGRsUvI1j-z\/view?usp=sharing\">Opci\u00f3 2<\/a><\/p>\n<p>MATEM\u00c0TIQUES<\/p>\n<p><a href=\"https:\/\/drive.google.com\/file\/d\/12qMgm-1GNpCpOFHGzRT95vcs_D2WGGl3\/view?usp=sharing\">Opci\u00f3 1<\/a><\/p>\n<p><a href=\"https:\/\/drive.google.com\/file\/d\/13wmWVsqH1XZY-VV6x6P7VEa_pQtuMrHV\/view?usp=sharing\">Opci\u00f3 2<\/a><\/p>\n","protected":false},"excerpt":{"rendered":"<p>Des de fa alguns cursos, les Escoles de Prim\u00e0ria i els Instituts de Martorell hem acordat fer tots la mateixa feina d&#8217;estiu. Aquestes feines s&#8217;hauran d&#8217;entregar als Centres de Secund\u00e0ria en comen\u00e7ar les classes al setembre.<br \/>\nClicant als seg\u00fcents enlla\u00e7os podr\u00e0s descarregar els deures d&#8217;estiu de&hellip;  <a href=\"https:\/\/agora.xtec.cat\/ceip-jrj\/general\/deures-destiu-6e-2019-20\/\" title=\"Read DEURES D&#8217;ESTIU 6\u00e8 2019-20\">Llegeix m\u00e9s\u00bb<\/a><\/p>\n","protected":false},"author":1,"featured_media":3518,"comment_status":"closed","ping_status":"closed","sticky":false,"template":"","format":"standard","meta":{"_bbp_topic_count":0,"_bbp_reply_count":0,"_bbp_total_topic_count":0,"_bbp_total_reply_count":0,"_bbp_voice_count":0,"_bbp_anonymous_reply_count":0,"_bbp_topic_count_hidden":0,"_bbp_reply_count_hidden":0,"_bbp_forum_subforum_count":0,"footnotes":""},"categories":[1,4],"tags":[],"class_list":["post-3515","post","type-post","status-publish","format-standard","has-post-thumbnail","hentry","category-general","category-portada"],"post_mailing_queue_ids":[],"_links":{"self":[{"href":"https:\/\/agora.xtec.cat\/ceip-jrj\/wp-json\/wp\/v2\/posts\/3515","targetHints":{"allow":["GET"]}}],"collection":[{"href":"https:\/\/agora.xtec.cat\/ceip-jrj\/wp-json\/wp\/v2\/posts"}],"about":[{"href":"https:\/\/agora.xtec.cat\/ceip-jrj\/wp-json\/wp\/v2\/types\/post"}],"author":[{"embeddable":true,"href":"https:\/\/agora.xtec.cat\/ceip-jrj\/wp-json\/wp\/v2\/users\/1"}],"replies":[{"embeddable":true,"href":"https:\/\/agora.xtec.cat\/ceip-jrj\/wp-json\/wp\/v2\/comments?post=3515"}],"version-history":[{"count":3,"href":"https:\/\/agora.xtec.cat\/ceip-jrj\/wp-json\/wp\/v2\/posts\/3515\/revisions"}],"predecessor-version":[{"id":4488,"href":"https:\/\/agora.xtec.cat\/ceip-jrj\/wp-json\/wp\/v2\/posts\/3515\/revisions\/4488"}],"wp:featuredmedia":[{"embeddable":true,"href":"https:\/\/agora.xtec.cat\/ceip-jrj\/wp-json\/wp\/v2\/media\/3518"}],"wp:attachment":[{"href":"https:\/\/agora.xtec.cat\/ceip-jrj\/wp-json\/wp\/v2\/media?parent=3515"}],"wp:term":[{"taxonomy":"category","embeddable":true,"href":"https:\/\/agora.xtec.cat\/ceip-jrj\/wp-json\/wp\/v2\/categories?post=3515"},{"taxonomy":"post_tag","embeddable":true,"href":"https:\/\/agora.xtec.cat\/ceip-jrj\/wp-json\/wp\/v2\/tags?post=3515"}],"curies":[{"name":"wp","href":"https:\/\/api.w.org\/{rel}","templated":true}]}}