{"id":3426,"date":"2020-05-07T15:16:28","date_gmt":"2020-05-07T13:16:28","guid":{"rendered":"http:\/\/agora.xtec.cat\/ceip-jrj\/?p=3426"},"modified":"2020-05-14T12:22:02","modified_gmt":"2020-05-14T10:22:02","slug":"laula-a-casa-cinema-a-casa","status":"publish","type":"post","link":"https:\/\/agora.xtec.cat\/ceip-jrj\/general\/laula-a-casa-cinema-a-casa\/","title":{"rendered":"&#8220;L&#8217;AULA A CASA&#8221; &#8211; CINEMA A CASA"},"content":{"rendered":"<h6 style=\"text-align: justify;\">ECOEMBES conjuntament amb la Diputaci\u00f3 de Barcelona i amb la col\u00b7laboraci\u00f3 de l&#8217;Ajuntament de Barcelona i la Generalitat de Catalunya, porten\u00a0l\u2019activitat creada pel Festival Internacional de Cinema del Medi ambient de Barcelona (SUNCINE), CADA AULA UN CINEMA a totes les escoles de Catalunya. Aquest \u00e9s un programa online d\u2019educaci\u00f3 ambiental, que introdueix les noves tecnologies a l&#8217;aula mitjan\u00e7ant audiovisuals de tem\u00e0tiques ambientals, destinat a alumnes a partir de 4 anys en endavant.<\/h6>\n<h6 style=\"text-align: justify;\">Davant de l&#8217;excepcionalitat del moment, dins l&#8217;espai &#8220;Cada Aula un Cinema&#8221;, a la secci\u00f3 &#8220;<a href=\"http:\/\/www.suncinefest.com\/es\/cada_aula_un_cine\/seccion\/46\/el-aula-en-casa\" target=\"_blank\" rel=\"noopener noreferrer\" data-saferedirecturl=\"https:\/\/www.google.com\/url?q=http:\/\/www.suncinefest.com\/es\/cada_aula_un_cine\/seccion\/46\/el-aula-en-casa&amp;source=gmail&amp;ust=1589289194914000&amp;usg=AFQjCNFsqT_wFrKJwg90me75F7cvpejN_w\">L&#8217;Aula a casa<\/a>&#8221; hi ha una vintena de pel\u00b7l\u00edcules en obert perqu\u00e8 puguin veure els nens i les nenes. Clica a la imatge per entrar a la p\u00e0gina web.<\/h6>\n<p><a href=\"http:\/\/www.suncinefest.com\/es\/cada_aula_un_cine\/seccion\/46\/el-aula-en-casa\"><img loading=\"lazy\" decoding=\"async\" class=\"size-full wp-image-3427 aligncenter\" src=\"https:\/\/agora.xtec.cat\/ceip-jrj\/wp-content\/uploads\/usu280\/2020\/05\/unnamed.png\" alt=\"\" width=\"288\" height=\"87\" \/><\/a><\/p>\n","protected":false},"excerpt":{"rendered":"<p>ECOEMBES conjuntament amb la Diputaci\u00f3 de Barcelona i amb la col\u00b7laboraci\u00f3 de l&#8217;Ajuntament de Barcelona i la Generalitat de Catalunya, porten\u00a0l\u2019activitat creada pel Festival Internacional de Cinema del Medi ambient de Barcelona (SUNCINE), CADA AULA UN CINEMA a totes les escoles de Catalunya. Aquest \u00e9s&hellip;  <a href=\"https:\/\/agora.xtec.cat\/ceip-jrj\/general\/laula-a-casa-cinema-a-casa\/\" title=\"Read &#8220;L&#8217;AULA A CASA&#8221; &#8211; CINEMA A CASA\">Llegeix m\u00e9s\u00bb<\/a><\/p>\n","protected":false},"author":1,"featured_media":3427,"comment_status":"closed","ping_status":"closed","sticky":false,"template":"","format":"standard","meta":{"_bbp_topic_count":0,"_bbp_reply_count":0,"_bbp_total_topic_count":0,"_bbp_total_reply_count":0,"_bbp_voice_count":0,"_bbp_anonymous_reply_count":0,"_bbp_topic_count_hidden":0,"_bbp_reply_count_hidden":0,"_bbp_forum_subforum_count":0,"footnotes":""},"categories":[1,4],"tags":[],"class_list":["post-3426","post","type-post","status-publish","format-standard","has-post-thumbnail","hentry","category-general","category-portada"],"post_mailing_queue_ids":[],"_links":{"self":[{"href":"https:\/\/agora.xtec.cat\/ceip-jrj\/wp-json\/wp\/v2\/posts\/3426","targetHints":{"allow":["GET"]}}],"collection":[{"href":"https:\/\/agora.xtec.cat\/ceip-jrj\/wp-json\/wp\/v2\/posts"}],"about":[{"href":"https:\/\/agora.xtec.cat\/ceip-jrj\/wp-json\/wp\/v2\/types\/post"}],"author":[{"embeddable":true,"href":"https:\/\/agora.xtec.cat\/ceip-jrj\/wp-json\/wp\/v2\/users\/1"}],"replies":[{"embeddable":true,"href":"https:\/\/agora.xtec.cat\/ceip-jrj\/wp-json\/wp\/v2\/comments?post=3426"}],"version-history":[{"count":3,"href":"https:\/\/agora.xtec.cat\/ceip-jrj\/wp-json\/wp\/v2\/posts\/3426\/revisions"}],"predecessor-version":[{"id":3430,"href":"https:\/\/agora.xtec.cat\/ceip-jrj\/wp-json\/wp\/v2\/posts\/3426\/revisions\/3430"}],"wp:featuredmedia":[{"embeddable":true,"href":"https:\/\/agora.xtec.cat\/ceip-jrj\/wp-json\/wp\/v2\/media\/3427"}],"wp:attachment":[{"href":"https:\/\/agora.xtec.cat\/ceip-jrj\/wp-json\/wp\/v2\/media?parent=3426"}],"wp:term":[{"taxonomy":"category","embeddable":true,"href":"https:\/\/agora.xtec.cat\/ceip-jrj\/wp-json\/wp\/v2\/categories?post=3426"},{"taxonomy":"post_tag","embeddable":true,"href":"https:\/\/agora.xtec.cat\/ceip-jrj\/wp-json\/wp\/v2\/tags?post=3426"}],"curies":[{"name":"wp","href":"https:\/\/api.w.org\/{rel}","templated":true}]}}