{"id":3396,"date":"2020-04-28T19:14:44","date_gmt":"2020-04-28T17:14:44","guid":{"rendered":"http:\/\/agora.xtec.cat\/ceip-jrj\/?p=3396"},"modified":"2020-04-30T19:14:57","modified_gmt":"2020-04-30T17:14:57","slug":"accio-educativa-i-avaluacio-al-tercer-trimestre","status":"publish","type":"post","link":"https:\/\/agora.xtec.cat\/ceip-jrj\/general\/accio-educativa-i-avaluacio-al-tercer-trimestre\/","title":{"rendered":"ACCI\u00d3 EDUCATIVA I AVALUACI\u00d3 AL TERCER TRIMESTRE"},"content":{"rendered":"<p style=\"text-align: justify;\"><span style=\"font-weight: 400;\">Benvolgudes fam\u00edlies,<\/span><\/p>\n<p style=\"text-align: justify;\"><span style=\"font-weight: 400;\">Volem compartir amb vosaltres les l\u00ednies per al desenvolupament educatiu i l\u2019avaluaci\u00f3 d\u2019aquest tercer trimestre no presencial als centres.<\/span><\/p>\n<p style=\"text-align: justify;\"><span style=\"font-weight: 400;\">Durant aquest per\u00edode, des de l\u2019escola, proposem activitats contextualitzades, amb la intenci\u00f3 de promoure l\u2019inter\u00e8s de l&#8217;alumnat i que contribueixin en l\u2019adquisici\u00f3 de les compet\u00e8ncies b\u00e0siques i fomentin l\u2019aprenentatge aut\u00f2nom.<\/span><\/p>\n<p style=\"text-align: justify;\"><span style=\"font-weight: 400;\">Hem fet \u00fas de tots els recursos disponibles per mantenir el contacte amb les fam\u00edlies i els alumnes, a fi de donar suport i establir un seguiment peri\u00f2dic. A poc a poc, hem anat evolucionant i oferint cada vegada m\u00e9s eines per aconseguir aquest objectiu. S\u2019ha mantingut el contacte telef\u00f2nic i s\u2019ha activat un compte de correu electr\u00f2nic per a totes les classes. Seguim utilitzant, m\u00e9s que mai, el Tokapp com a aplicaci\u00f3 per a una comunicaci\u00f3 \u00e0gil. Tamb\u00e9 hem activat per al cicle mitj\u00e0 i superior l\u2019entorn virtual Classroom i ara comen\u00e7arem a establir contactes amb l\u2019alumnat amb videoconfer\u00e8ncies.<\/span><\/p>\n<p style=\"text-align: justify;\"><span style=\"font-weight: 400;\">Amb totes aquestes eines, els docents van rebent les evid\u00e8ncies de les activitats que proposen, tot revisant les produccions de l\u2019alumnat i fent efectiu un retorn positiu i qualitatiu dels aprenentatges i dels resultats\u00a0 per tal d\u2019ajudar a autoregular l&#8217;aprenentatge de l&#8217;alumne.<\/span><\/p>\n<p style=\"text-align: justify;\"><span style=\"font-weight: 400;\">L\u2019autoavaluaci\u00f3 adquireix import\u00e0ncia, l\u2019alumne ha de ser conscient de tot all\u00f2 que ha apr\u00e8s i s\u2019ha enriquit com ha persona.<\/span><\/p>\n<p style=\"text-align: justify;\"><span style=\"font-weight: 400;\">L\u2019avaluaci\u00f3 ser\u00e0 formadora, formativa i reflectir\u00e0 el proc\u00e9s d\u2019aprenentatge de l\u2019alumne de forma individualitzada. El proc\u00e9s d\u2019avaluaci\u00f3 a l\u2019alumnat, en cap cas podr\u00e0 modificar de manera negativa els resultats d\u2019avaluacions anteriors.<\/span><\/p>\n<p style=\"text-align: justify;\"><span style=\"font-weight: 400;\">L\u2019avaluaci\u00f3 final es basar\u00e0 en el treball realitzat durant la primera i segona avaluaci\u00f3.<\/span><\/p>\n<p style=\"text-align: justify;\"><span style=\"font-weight: 400;\">Restem a la vostra disposici\u00f3 i esperem que aquesta informaci\u00f3 sigui del vostre inter\u00e8s.<\/span><\/p>\n","protected":false},"excerpt":{"rendered":"<p>Benvolgudes fam\u00edlies,<br \/>\nVolem compartir amb vosaltres les l\u00ednies per al desenvolupament educatiu i l\u2019avaluaci\u00f3 d\u2019aquest tercer trimestre no presencial als centres.<br \/>\nDurant aquest per\u00edode, des de l\u2019escola, proposem activitats contextualitzades, amb la intenci\u00f3 de promoure l\u2019inter\u00e8s de l&#8217;alumnat i que contribueixin en l\u2019adquisici\u00f3 de les compet\u00e8ncies b\u00e0siques&hellip;  <a href=\"https:\/\/agora.xtec.cat\/ceip-jrj\/general\/accio-educativa-i-avaluacio-al-tercer-trimestre\/\" title=\"Read ACCI\u00d3 EDUCATIVA I AVALUACI\u00d3 AL TERCER TRIMESTRE\">Llegeix m\u00e9s\u00bb<\/a><\/p>\n","protected":false},"author":1,"featured_media":3397,"comment_status":"closed","ping_status":"closed","sticky":false,"template":"","format":"standard","meta":{"_bbp_topic_count":0,"_bbp_reply_count":0,"_bbp_total_topic_count":0,"_bbp_total_reply_count":0,"_bbp_voice_count":0,"_bbp_anonymous_reply_count":0,"_bbp_topic_count_hidden":0,"_bbp_reply_count_hidden":0,"_bbp_forum_subforum_count":0,"footnotes":""},"categories":[1,4],"tags":[],"class_list":["post-3396","post","type-post","status-publish","format-standard","has-post-thumbnail","hentry","category-general","category-portada"],"post_mailing_queue_ids":[],"_links":{"self":[{"href":"https:\/\/agora.xtec.cat\/ceip-jrj\/wp-json\/wp\/v2\/posts\/3396","targetHints":{"allow":["GET"]}}],"collection":[{"href":"https:\/\/agora.xtec.cat\/ceip-jrj\/wp-json\/wp\/v2\/posts"}],"about":[{"href":"https:\/\/agora.xtec.cat\/ceip-jrj\/wp-json\/wp\/v2\/types\/post"}],"author":[{"embeddable":true,"href":"https:\/\/agora.xtec.cat\/ceip-jrj\/wp-json\/wp\/v2\/users\/1"}],"replies":[{"embeddable":true,"href":"https:\/\/agora.xtec.cat\/ceip-jrj\/wp-json\/wp\/v2\/comments?post=3396"}],"version-history":[{"count":1,"href":"https:\/\/agora.xtec.cat\/ceip-jrj\/wp-json\/wp\/v2\/posts\/3396\/revisions"}],"predecessor-version":[{"id":3398,"href":"https:\/\/agora.xtec.cat\/ceip-jrj\/wp-json\/wp\/v2\/posts\/3396\/revisions\/3398"}],"wp:featuredmedia":[{"embeddable":true,"href":"https:\/\/agora.xtec.cat\/ceip-jrj\/wp-json\/wp\/v2\/media\/3397"}],"wp:attachment":[{"href":"https:\/\/agora.xtec.cat\/ceip-jrj\/wp-json\/wp\/v2\/media?parent=3396"}],"wp:term":[{"taxonomy":"category","embeddable":true,"href":"https:\/\/agora.xtec.cat\/ceip-jrj\/wp-json\/wp\/v2\/categories?post=3396"},{"taxonomy":"post_tag","embeddable":true,"href":"https:\/\/agora.xtec.cat\/ceip-jrj\/wp-json\/wp\/v2\/tags?post=3396"}],"curies":[{"name":"wp","href":"https:\/\/api.w.org\/{rel}","templated":true}]}}