{"id":3391,"date":"2020-04-29T11:17:12","date_gmt":"2020-04-29T09:17:12","guid":{"rendered":"http:\/\/agora.xtec.cat\/ceip-jrj\/?p=3391"},"modified":"2020-04-29T11:20:35","modified_gmt":"2020-04-29T09:20:35","slug":"al-juan-ramon-dibuixa-i-escriu-tothom","status":"publish","type":"post","link":"https:\/\/agora.xtec.cat\/ceip-jrj\/general\/al-juan-ramon-dibuixa-i-escriu-tothom\/","title":{"rendered":"AL JUAN RAM\u00d3N DIBUIXA I ESCRIU TOTHOM"},"content":{"rendered":"<div style=\"text-align: justify;\">Des de fa uns anys, unes setmanes abans de Sant Jordi, l&#8217;escola i la comissi\u00f3 de biblioteca organitzen un concurs de dibuix a educaci\u00f3 infantil i un concurs d&#8217;escriptura a l&#8217;etapa d&#8217;educaci\u00f3 prim\u00e0ria. T\u00e9 la caracter\u00edstica que tot l&#8217;alumnat dibuixa i escriu, m\u00e9s o menys, alhora.<\/div>\n<div style=\"text-align: justify;\"><\/div>\n<div style=\"text-align: justify;\">Per la Diada de Sant Jordi, la comissi\u00f3 de biblioteca fa entrega de premis als millors dibuixos i poemes.<\/div>\n<div style=\"text-align: justify;\"><\/div>\n<div style=\"text-align: justify;\">Aquest any hem viscut San Jordi confinats, per\u00f2, no per aix\u00f2 hem volgut deixar de celebrar aquest esdeveniment. Aquest cop sense premis, ja que tot l&#8217;alumnat \u00e9s guanyador. Des de les tutories es va demanar que fessin els dibuixos a infantil i els textos a prim\u00e0ria (contes o poemes) per continuar mantenint viva aquesta activitat tan pr\u00f2pia de Juan Ram\u00f3n.<\/div>\n<div style=\"text-align: justify;\"><\/div>\n<div style=\"text-align: justify;\">L&#8217;alumnat ha fet els dibuixos i els textos sense saber que serien publicats, com a part de les feines setmanals que estem demanant a l&#8217;alumnat. En fer el retorn hem vist que han fet unes creacions dignes de ser publicades i \u00e9s per aix\u00f2 que hem creat aquest llibre digital en el seu honor.<\/div>\n<div><\/div>\n<div><\/div>\n<div>\n<div style=\"width: 100%;\">\n<div style=\"position: relative; padding-bottom: 56.25%; padding-top: 0; height: 0;\"><iframe loading=\"lazy\" src=\"https:\/\/view.genial.ly\/5ea46f4e63183e0d9427fe81\" width=\"720px\" height=\"405px\" frameborder=\"0\"><span data-mce-type=\"bookmark\" style=\"display: inline-block; width: 0px; overflow: hidden; line-height: 0;\" class=\"mce_SELRES_start\">\ufeff<\/span><\/iframe><\/div>\n<\/div>\n<\/div>\n","protected":false},"excerpt":{"rendered":"<p>Des de fa uns anys, unes setmanes abans de Sant Jordi, l&#8217;escola i la comissi\u00f3 de biblioteca organitzen un concurs de dibuix a educaci\u00f3 infantil i un concurs d&#8217;escriptura a l&#8217;etapa d&#8217;educaci\u00f3 prim\u00e0ria. T\u00e9 la caracter\u00edstica que tot l&#8217;alumnat dibuixa i escriu, m\u00e9s o menys,&hellip;  <a href=\"https:\/\/agora.xtec.cat\/ceip-jrj\/general\/al-juan-ramon-dibuixa-i-escriu-tothom\/\" title=\"Read AL JUAN RAM\u00d3N DIBUIXA I ESCRIU TOTHOM\">Llegeix m\u00e9s\u00bb<\/a><\/p>\n","protected":false},"author":1,"featured_media":3393,"comment_status":"closed","ping_status":"closed","sticky":false,"template":"","format":"standard","meta":{"_bbp_topic_count":0,"_bbp_reply_count":0,"_bbp_total_topic_count":0,"_bbp_total_reply_count":0,"_bbp_voice_count":0,"_bbp_anonymous_reply_count":0,"_bbp_topic_count_hidden":0,"_bbp_reply_count_hidden":0,"_bbp_forum_subforum_count":0,"footnotes":""},"categories":[1,4],"tags":[],"class_list":["post-3391","post","type-post","status-publish","format-standard","has-post-thumbnail","hentry","category-general","category-portada"],"post_mailing_queue_ids":[],"_links":{"self":[{"href":"https:\/\/agora.xtec.cat\/ceip-jrj\/wp-json\/wp\/v2\/posts\/3391","targetHints":{"allow":["GET"]}}],"collection":[{"href":"https:\/\/agora.xtec.cat\/ceip-jrj\/wp-json\/wp\/v2\/posts"}],"about":[{"href":"https:\/\/agora.xtec.cat\/ceip-jrj\/wp-json\/wp\/v2\/types\/post"}],"author":[{"embeddable":true,"href":"https:\/\/agora.xtec.cat\/ceip-jrj\/wp-json\/wp\/v2\/users\/1"}],"replies":[{"embeddable":true,"href":"https:\/\/agora.xtec.cat\/ceip-jrj\/wp-json\/wp\/v2\/comments?post=3391"}],"version-history":[{"count":1,"href":"https:\/\/agora.xtec.cat\/ceip-jrj\/wp-json\/wp\/v2\/posts\/3391\/revisions"}],"predecessor-version":[{"id":3392,"href":"https:\/\/agora.xtec.cat\/ceip-jrj\/wp-json\/wp\/v2\/posts\/3391\/revisions\/3392"}],"wp:featuredmedia":[{"embeddable":true,"href":"https:\/\/agora.xtec.cat\/ceip-jrj\/wp-json\/wp\/v2\/media\/3393"}],"wp:attachment":[{"href":"https:\/\/agora.xtec.cat\/ceip-jrj\/wp-json\/wp\/v2\/media?parent=3391"}],"wp:term":[{"taxonomy":"category","embeddable":true,"href":"https:\/\/agora.xtec.cat\/ceip-jrj\/wp-json\/wp\/v2\/categories?post=3391"},{"taxonomy":"post_tag","embeddable":true,"href":"https:\/\/agora.xtec.cat\/ceip-jrj\/wp-json\/wp\/v2\/tags?post=3391"}],"curies":[{"name":"wp","href":"https:\/\/api.w.org\/{rel}","templated":true}]}}