{"id":3373,"date":"2020-04-22T11:55:05","date_gmt":"2020-04-22T09:55:05","guid":{"rendered":"http:\/\/agora.xtec.cat\/ceip-jrj\/?p=3373"},"modified":"2020-04-23T12:00:43","modified_gmt":"2020-04-23T10:00:43","slug":"23-dabril-dia-mundial-del-llibre","status":"publish","type":"post","link":"https:\/\/agora.xtec.cat\/ceip-jrj\/general\/23-dabril-dia-mundial-del-llibre\/","title":{"rendered":"23 D\u2019ABRIL, DIA MUNDIAL DEL LLIBRE"},"content":{"rendered":"<p style=\"text-align: justify;\">Avui, 23 d\u2019abril, es celebra el Dia Mundial del Llibre en commemoraci\u00f3 a la mort de Miguel de Cervantes, autor del \u201cQuijote\u201d, i de William Shakespeare.<\/p>\n<p style=\"text-align: justify;\">Per aquest motiu, \u00e9s tradici\u00f3 regalar un llibre a la gent que estimes. Aquest any els carrers no s\u2019ompliran de parades de roses i llibres per\u00f2, s\u00ed podem omplir el nostre espai amb les vostres creacions.<\/p>\n<p style=\"text-align: justify;\">A m\u00e9s, aquest any tamb\u00e9 es celebra el 100 aniversari del naixement d\u2019en Gianni Rodari, un escriptor que tenia una manera molt peculiar d\u2019escriure les seves hist\u00f2ries.<\/p>\n<p style=\"text-align: justify;\">En aquests enlla\u00e7os podreu saber m\u00e9s sobre la seva vida i trobareu les pautes per poder escriure un conte divertit i fant\u00e0stic com els que feia ell.<\/p>\n<p style=\"text-align: justify;\"><a href=\"https:\/\/projectes.xtec.cat\/bescat\/wp-content\/uploads\/usu793\/2020\/04\/newsletter-Rodari.pdf\"><strong>https:\/\/projectes.xtec.cat\/bescat\/wp-content\/uploads\/usu793\/2020\/04\/newsletter-Rodari.pdf<\/strong><\/a><\/p>\n<p style=\"text-align: justify;\"><a href=\"https:\/\/projectes.xtec.cat\/bescat\/wp-content\/uploads\/usu793\/2020\/04\/escrivim-rodari-poster.pdf\"><strong>https:\/\/projectes.xtec.cat\/bescat\/wp-content\/uploads\/usu793\/2020\/04\/escrivim-rodari-poster.pdf<\/strong><\/a><\/p>\n<p style=\"text-align: justify;\">No deixeu de mirar tots els enlla\u00e7os del document perqu\u00e8 trobareu sorpreses divertides.<\/p>\n<p style=\"text-align: justify;\">Bon viatge pel m\u00f3n de la fantasia!<\/p>\n<p style=\"text-align: justify;\"><strong>Comissi\u00f3 de Biblioteca<\/strong><\/p>\n","protected":false},"excerpt":{"rendered":"<p>Avui, 23 d\u2019abril, es celebra el Dia Mundial del Llibre en commemoraci\u00f3 a la mort de Miguel de Cervantes, autor del \u201cQuijote\u201d, i de William Shakespeare.<br \/>\nPer aquest motiu, \u00e9s tradici\u00f3 regalar un llibre a la gent que estimes. Aquest any els carrers no s\u2019ompliran de&hellip;  <a href=\"https:\/\/agora.xtec.cat\/ceip-jrj\/general\/23-dabril-dia-mundial-del-llibre\/\" title=\"Read 23 D\u2019ABRIL, DIA MUNDIAL DEL LLIBRE\">Llegeix m\u00e9s\u00bb<\/a><\/p>\n","protected":false},"author":1,"featured_media":3374,"comment_status":"closed","ping_status":"closed","sticky":false,"template":"","format":"standard","meta":{"_bbp_topic_count":0,"_bbp_reply_count":0,"_bbp_total_topic_count":0,"_bbp_total_reply_count":0,"_bbp_voice_count":0,"_bbp_anonymous_reply_count":0,"_bbp_topic_count_hidden":0,"_bbp_reply_count_hidden":0,"_bbp_forum_subforum_count":0,"footnotes":""},"categories":[1,4],"tags":[],"class_list":["post-3373","post","type-post","status-publish","format-standard","has-post-thumbnail","hentry","category-general","category-portada"],"post_mailing_queue_ids":[],"_links":{"self":[{"href":"https:\/\/agora.xtec.cat\/ceip-jrj\/wp-json\/wp\/v2\/posts\/3373","targetHints":{"allow":["GET"]}}],"collection":[{"href":"https:\/\/agora.xtec.cat\/ceip-jrj\/wp-json\/wp\/v2\/posts"}],"about":[{"href":"https:\/\/agora.xtec.cat\/ceip-jrj\/wp-json\/wp\/v2\/types\/post"}],"author":[{"embeddable":true,"href":"https:\/\/agora.xtec.cat\/ceip-jrj\/wp-json\/wp\/v2\/users\/1"}],"replies":[{"embeddable":true,"href":"https:\/\/agora.xtec.cat\/ceip-jrj\/wp-json\/wp\/v2\/comments?post=3373"}],"version-history":[{"count":2,"href":"https:\/\/agora.xtec.cat\/ceip-jrj\/wp-json\/wp\/v2\/posts\/3373\/revisions"}],"predecessor-version":[{"id":3376,"href":"https:\/\/agora.xtec.cat\/ceip-jrj\/wp-json\/wp\/v2\/posts\/3373\/revisions\/3376"}],"wp:featuredmedia":[{"embeddable":true,"href":"https:\/\/agora.xtec.cat\/ceip-jrj\/wp-json\/wp\/v2\/media\/3374"}],"wp:attachment":[{"href":"https:\/\/agora.xtec.cat\/ceip-jrj\/wp-json\/wp\/v2\/media?parent=3373"}],"wp:term":[{"taxonomy":"category","embeddable":true,"href":"https:\/\/agora.xtec.cat\/ceip-jrj\/wp-json\/wp\/v2\/categories?post=3373"},{"taxonomy":"post_tag","embeddable":true,"href":"https:\/\/agora.xtec.cat\/ceip-jrj\/wp-json\/wp\/v2\/tags?post=3373"}],"curies":[{"name":"wp","href":"https:\/\/api.w.org\/{rel}","templated":true}]}}