{"id":3346,"date":"2020-04-24T16:08:40","date_gmt":"2020-04-24T14:08:40","guid":{"rendered":"http:\/\/agora.xtec.cat\/ceip-jrj\/?p=3346"},"modified":"2020-04-24T16:08:01","modified_gmt":"2020-04-24T14:08:01","slug":"un-sant-jordi-destar-per-casa","status":"publish","type":"post","link":"https:\/\/agora.xtec.cat\/ceip-jrj\/general\/un-sant-jordi-destar-per-casa\/","title":{"rendered":"UN SANT JORDI D&#8217;ESTAR PER CASA"},"content":{"rendered":"<p>Hola, nens i nenes del Juan Ram\u00f3n,<\/p>\n<p>Aquest any el nostre Sant Jordi ser\u00e0 diferent, per\u00f2 no deixarem de celebrar-lo, aix\u00ed que des de la comissi\u00f3 de biblioteca us volem animar a fer algunes activitats al voltant d\u2019aquesta Diada tant especial per tots nosaltres.<\/p>\n<p>Volem celebrar aquest Sant Jordi amb m\u00e9s amor que mai. Com que aquests dies l\u2019\u00fanic contacte que tenim amb l\u2019exterior \u00e9s a trav\u00e9s dels nostres balcons, us proposem que el proper dijous, dia 23 d\u2019abril, Diada de Sant Jordi, vestiu els vostres balcons i terrasses amb roses fetes per vosaltres i traslladar una mica la Diada a casa nostra!<\/p>\n<p>Envieu-nos les fotos de les vostres creacions a <strong>biblioteca@jrjmartorell.com<\/strong> per poder ensenyar-les a tothom de l\u2019escola.<\/p>\n<p>Al v\u00eddeo seg\u00fcent podeu veure una proposta, per\u00f2 podeu fer-les com vulgueu, imaginaci\u00f3 al poder!<\/p>\n<p style=\"text-align: center;\"><iframe loading=\"lazy\" src=\"\/\/www.youtube.com\/embed\/3VH-beMpXo0\" width=\"560\" height=\"314\" data-mce-fragment=\"1\"><\/iframe><\/p>\n<p>Com que aquest curs no podrem fer l\u2019intercanvi de punts de llibres entre padrins i fillols, tamb\u00e9 us adjuntem alguns enlla\u00e7os on podeu veure algunes idees de com fer el vostre punt de llibre. Podreu trobar moltes m\u00e9s idees al Pinterest.<\/p>\n<p style=\"text-align: center;\"><iframe loading=\"lazy\" src=\"\/\/www.youtube.com\/embed\/nod_yBsZ42Q\" width=\"560\" height=\"314\" data-mce-fragment=\"1\"><\/iframe><\/p>\n<h3 style=\"text-align: center;\"><a href=\"https:\/\/pin.it\/1B6m17s\">PINTEREST<\/a><\/h3>\n<p>Ens agradaria que envi\u00e8ssiu alguna foto de les vostres creacions per poder veure quins artistes esteu fets. Ens les podeu fer arribar al seg\u00fcent correu.<\/p>\n<h2 style=\"text-align: center;\">biblioteca@jrjmartorell.com<\/h2>\n<p>&nbsp;<\/p>\n<p>A continuaci\u00f3 us enviem tamb\u00e9 un recull de moltes propostes (can\u00e7ons, v\u00eddeos, manualitats, \u2026) per a qu\u00e8 aquest Sant Jordi, tot i ser diferent als altres, sigui molt especial. Mireu les propostes clicant als seg\u00fcents enlla\u00e7os, busqueu la que m\u00e9s us agradi i engresqueu-vos a fer-la, segur que passareu una bona estona.<\/p>\n<div style=\"width: 100%;\">\n<div style=\"position: relative; padding-bottom: 50.00%; padding-top: 0; height: 0;\">\n<div style=\"width: 100%;\">\n<div style=\"position: relative; padding-bottom: 50%; padding-top: 0; height: 0;\"><iframe loading=\"lazy\" src=\"https:\/\/view.genial.ly\/5e9ad81f794b240e24ce8b0a\" width=\"1000\" height=\"400\" frameborder=\"0\"><\/iframe><\/div>\n<\/div>\n<\/div>\n<\/div>\n<p>Entre tots farem un Sant Jordi de conte!<\/p>\n<p>Un pet\u00f3 ben fort i una abra\u00e7ada.<\/p>\n<p>Comissi\u00f3 de Biblioteca<\/p>\n","protected":false},"excerpt":{"rendered":"<p>En aquest apartat trobareu propostes per realitzar en aquesta Diada de Sant Jordi.<br \/>\nSi cliqueu a la icona de l&#8217;esquerra (Sant Jordi 2020) podreu veure les fotos que les fam\u00edlies ens esteu enviant. Moltes gr\u00e0cies.&hellip;  <a href=\"https:\/\/agora.xtec.cat\/ceip-jrj\/general\/un-sant-jordi-destar-per-casa\/\" title=\"Read UN SANT JORDI D&#8217;ESTAR PER CASA\">Llegeix m\u00e9s\u00bb<\/a><\/p>\n","protected":false},"author":1,"featured_media":3370,"comment_status":"closed","ping_status":"closed","sticky":false,"template":"","format":"standard","meta":{"_bbp_topic_count":0,"_bbp_reply_count":0,"_bbp_total_topic_count":0,"_bbp_total_reply_count":0,"_bbp_voice_count":0,"_bbp_anonymous_reply_count":0,"_bbp_topic_count_hidden":0,"_bbp_reply_count_hidden":0,"_bbp_forum_subforum_count":0,"footnotes":""},"categories":[1,4],"tags":[58],"class_list":["post-3346","post","type-post","status-publish","format-standard","has-post-thumbnail","hentry","category-general","category-portada","tag-sant-jordi"],"post_mailing_queue_ids":[],"_links":{"self":[{"href":"https:\/\/agora.xtec.cat\/ceip-jrj\/wp-json\/wp\/v2\/posts\/3346","targetHints":{"allow":["GET"]}}],"collection":[{"href":"https:\/\/agora.xtec.cat\/ceip-jrj\/wp-json\/wp\/v2\/posts"}],"about":[{"href":"https:\/\/agora.xtec.cat\/ceip-jrj\/wp-json\/wp\/v2\/types\/post"}],"author":[{"embeddable":true,"href":"https:\/\/agora.xtec.cat\/ceip-jrj\/wp-json\/wp\/v2\/users\/1"}],"replies":[{"embeddable":true,"href":"https:\/\/agora.xtec.cat\/ceip-jrj\/wp-json\/wp\/v2\/comments?post=3346"}],"version-history":[{"count":3,"href":"https:\/\/agora.xtec.cat\/ceip-jrj\/wp-json\/wp\/v2\/posts\/3346\/revisions"}],"predecessor-version":[{"id":3369,"href":"https:\/\/agora.xtec.cat\/ceip-jrj\/wp-json\/wp\/v2\/posts\/3346\/revisions\/3369"}],"wp:featuredmedia":[{"embeddable":true,"href":"https:\/\/agora.xtec.cat\/ceip-jrj\/wp-json\/wp\/v2\/media\/3370"}],"wp:attachment":[{"href":"https:\/\/agora.xtec.cat\/ceip-jrj\/wp-json\/wp\/v2\/media?parent=3346"}],"wp:term":[{"taxonomy":"category","embeddable":true,"href":"https:\/\/agora.xtec.cat\/ceip-jrj\/wp-json\/wp\/v2\/categories?post=3346"},{"taxonomy":"post_tag","embeddable":true,"href":"https:\/\/agora.xtec.cat\/ceip-jrj\/wp-json\/wp\/v2\/tags?post=3346"}],"curies":[{"name":"wp","href":"https:\/\/api.w.org\/{rel}","templated":true}]}}