{"id":3312,"date":"2020-04-06T19:52:23","date_gmt":"2020-04-06T17:52:23","guid":{"rendered":"http:\/\/agora.xtec.cat\/ceip-jrj\/?p=3312"},"modified":"2020-04-06T19:52:23","modified_gmt":"2020-04-06T17:52:23","slug":"per-molts-anys","status":"publish","type":"post","link":"https:\/\/agora.xtec.cat\/ceip-jrj\/general\/per-molts-anys\/","title":{"rendered":"PER MOLTS ANYS!!!"},"content":{"rendered":"<p>Els nens i nenes martorellencs que celebrin el seu aniversari durant el confinament rebran una sorpresa molt agradable. Els agents de la Policia Local i de Protecci\u00f3 Civil felicitaran els menuts de les fam\u00edlies que hagin sol\u00b7licitat aquest servei especial i, potser, \u00fanic. A trav\u00e9s d\u2019una trucada telef\u00f2nica o un correu electr\u00f2nic, la Policia Local centralitzar\u00e0 els avisos i es despla\u00e7ar\u00e0 a peu de balc\u00f3 o finestra per desitjar-los un feli\u00e7 aniversari.<\/p>\n<p><a href=\"https:\/\/agora.xtec.cat\/ceip-jrj\/wp-content\/uploads\/usu280\/2020\/04\/policia.jpg\"><img loading=\"lazy\" decoding=\"async\" class=\"alignnone size-large wp-image-3313\" src=\"https:\/\/agora.xtec.cat\/ceip-jrj\/wp-content\/uploads\/usu280\/2020\/04\/policia-1024x1024.jpg\" alt=\"\" width=\"1024\" height=\"1024\" srcset=\"https:\/\/agora.xtec.cat\/ceip-jrj\/wp-content\/uploads\/usu280\/2020\/04\/policia-1024x1024.jpg 1024w, https:\/\/agora.xtec.cat\/ceip-jrj\/wp-content\/uploads\/usu280\/2020\/04\/policia-150x150.jpg 150w, https:\/\/agora.xtec.cat\/ceip-jrj\/wp-content\/uploads\/usu280\/2020\/04\/policia-300x300.jpg 300w, https:\/\/agora.xtec.cat\/ceip-jrj\/wp-content\/uploads\/usu280\/2020\/04\/policia-768x768.jpg 768w, https:\/\/agora.xtec.cat\/ceip-jrj\/wp-content\/uploads\/usu280\/2020\/04\/policia.jpg 1600w\" sizes=\"auto, (max-width: 1024px) 100vw, 1024px\" \/><\/a><\/p>\n","protected":false},"excerpt":{"rendered":"<p>Els nens i nenes martorellencs que celebrin el seu aniversari durant el confinament rebran una sorpresa molt agradable. Els agents de la Policia Local i de Protecci\u00f3 Civil felicitaran els menuts de les fam\u00edlies que hagin sol\u00b7licitat aquest servei especial i, potser, \u00fanic. A trav\u00e9s&hellip;  <a href=\"https:\/\/agora.xtec.cat\/ceip-jrj\/general\/per-molts-anys\/\" title=\"Read PER MOLTS ANYS!!!\">Llegeix m\u00e9s\u00bb<\/a><\/p>\n","protected":false},"author":1,"featured_media":3313,"comment_status":"closed","ping_status":"closed","sticky":false,"template":"","format":"standard","meta":{"_bbp_topic_count":0,"_bbp_reply_count":0,"_bbp_total_topic_count":0,"_bbp_total_reply_count":0,"_bbp_voice_count":0,"_bbp_anonymous_reply_count":0,"_bbp_topic_count_hidden":0,"_bbp_reply_count_hidden":0,"_bbp_forum_subforum_count":0,"footnotes":""},"categories":[1,4],"tags":[],"class_list":["post-3312","post","type-post","status-publish","format-standard","has-post-thumbnail","hentry","category-general","category-portada"],"post_mailing_queue_ids":[],"_links":{"self":[{"href":"https:\/\/agora.xtec.cat\/ceip-jrj\/wp-json\/wp\/v2\/posts\/3312","targetHints":{"allow":["GET"]}}],"collection":[{"href":"https:\/\/agora.xtec.cat\/ceip-jrj\/wp-json\/wp\/v2\/posts"}],"about":[{"href":"https:\/\/agora.xtec.cat\/ceip-jrj\/wp-json\/wp\/v2\/types\/post"}],"author":[{"embeddable":true,"href":"https:\/\/agora.xtec.cat\/ceip-jrj\/wp-json\/wp\/v2\/users\/1"}],"replies":[{"embeddable":true,"href":"https:\/\/agora.xtec.cat\/ceip-jrj\/wp-json\/wp\/v2\/comments?post=3312"}],"version-history":[{"count":1,"href":"https:\/\/agora.xtec.cat\/ceip-jrj\/wp-json\/wp\/v2\/posts\/3312\/revisions"}],"predecessor-version":[{"id":3314,"href":"https:\/\/agora.xtec.cat\/ceip-jrj\/wp-json\/wp\/v2\/posts\/3312\/revisions\/3314"}],"wp:featuredmedia":[{"embeddable":true,"href":"https:\/\/agora.xtec.cat\/ceip-jrj\/wp-json\/wp\/v2\/media\/3313"}],"wp:attachment":[{"href":"https:\/\/agora.xtec.cat\/ceip-jrj\/wp-json\/wp\/v2\/media?parent=3312"}],"wp:term":[{"taxonomy":"category","embeddable":true,"href":"https:\/\/agora.xtec.cat\/ceip-jrj\/wp-json\/wp\/v2\/categories?post=3312"},{"taxonomy":"post_tag","embeddable":true,"href":"https:\/\/agora.xtec.cat\/ceip-jrj\/wp-json\/wp\/v2\/tags?post=3312"}],"curies":[{"name":"wp","href":"https:\/\/api.w.org\/{rel}","templated":true}]}}